{"id":42462,"date":"2026-08-20T10:35:40","date_gmt":"2026-08-20T16:35:40","guid":{"rendered":"https:\/\/www.latitudsanluis.com\/home\/?p=42462"},"modified":"2026-08-24T13:23:31","modified_gmt":"2026-08-24T19:23:31","slug":"con-sabor-y-tradicion-villa-de-pozos-conquista-la-fenapo-2026","status":"publish","type":"post","link":"https:\/\/www.latitudsanluis.com\/home\/gobierno\/con-sabor-y-tradicion-villa-de-pozos-conquista-la-fenapo-2026\/","title":{"rendered":"CON SABOR Y TRADICI\u00d3N, VILLA DE POZOS CONQUISTA LA FENAPO 2026"},"content":{"rendered":"<p>CON SABOR Y TRADICI\u00d3N, VILLA DE POZOS CONQUISTA LA FENAPO 2026<\/p>\n<p>&nbsp;<\/p>\n<p>-Las y los mas de 9 mil visitantes pudieron degustar con una taquiza los ricos sabores tradicionales de El Panalillo.<\/p>\n<p>&nbsp;<\/p>\n<p>Con un ambiente familiar, lleno de sabor y m\u00fasica en vivo, el Gobierno Municipal de Villa de Pozos inaugur\u00f3 con \u00e9xito el D\u00eda de la Garnacha en la Feria Nacional Potosina (Fenapo), en donde las y los m\u00e1s de 9 mil asistentes pudieron disfrutar de la riqueza gastron\u00f3mica que ofrece el municipio.<\/p>\n<p>&nbsp;<\/p>\n<p>El evento, el cual enmarca la segunda participaci\u00f3n del municipio, estuvo encabezado por el Gobernador del Estado, Ricardo Gallardo Cardona y la Presidenta Concejal, Paty Aradillas Aradillas, quienes agradecieron la presencia de los asistentes que disfrutaron del talento y sabor de los expertos taqueros de la comunidad de El Panalillo, conocidos por sus t\u00e9cnicas gastron\u00f3micas.<\/p>\n<p>&nbsp;<\/p>\n<p>Durante este D\u00eda de la Garnacha, las y los visitantes pudieron disfrutar desde las 2:00 de la tarde de aguas de sabor y el rico estilo de las panader\u00edas representativas de Villa de Pozos, en un ambiente lleno de m\u00fasica y convivencia familiar.<\/p>\n<p>&nbsp;<\/p>\n<p>Gallardo Cardona, destac\u00f3 la importancia de impulsar este tipo de actividades que fortalecen las tradiciones, la gastronom\u00eda y la identidad de Villa de Pozos, adem\u00e1s de generar espacios de convivencia.<\/p>\n<p>&nbsp;<\/p>\n<p>Por su parte, las familias de Villa de Pozos, as\u00ed como otros visitantes locales y nacionales, mostraron su entusiasmo por probar y conocer m\u00e1s sobre los sabores tradicionales que existen en la localidad, adem\u00e1s de su historia. Con este ambiente concluy\u00f3 con \u00e9xito y alegr\u00eda la participaci\u00f3n del Gobierno Municipal en el D\u00eda de la Garnacha.<\/p>\n<p><img fetchpriority=\"high\" decoding=\"async\" class=\"alignnone size-medium wp-image-42463\" src=\"https:\/\/www.latitudsanluis.com\/wp-content\/uploads\/2026\/08\/IMG-20260820-WA0026-300x225.jpg\" alt=\"\" width=\"300\" height=\"225\" srcset=\"https:\/\/www.latitudsanluis.com\/wp-content\/uploads\/2026\/08\/IMG-20260820-WA0026-300x225.jpg 300w, https:\/\/www.latitudsanluis.com\/wp-content\/uploads\/2026\/08\/IMG-20260820-WA0026-1024x768.jpg 1024w, https:\/\/www.latitudsanluis.com\/wp-content\/uploads\/2026\/08\/IMG-20260820-WA0026-768x576.jpg 768w, https:\/\/www.latitudsanluis.com\/wp-content\/uploads\/2026\/08\/IMG-20260820-WA0026.jpg 1280w\" sizes=\"(max-width: 300px) 100vw, 300px\" \/> <img decoding=\"async\" class=\"alignnone size-medium wp-image-42464\" src=\"https:\/\/www.latitudsanluis.com\/wp-content\/uploads\/2026\/08\/IMG-20260820-WA0023-300x200.jpg\" alt=\"\" width=\"300\" height=\"200\" srcset=\"https:\/\/www.latitudsanluis.com\/wp-content\/uploads\/2026\/08\/IMG-20260820-WA0023-300x200.jpg 300w, https:\/\/www.latitudsanluis.com\/wp-content\/uploads\/2026\/08\/IMG-20260820-WA0023-1024x683.jpg 1024w, https:\/\/www.latitudsanluis.com\/wp-content\/uploads\/2026\/08\/IMG-20260820-WA0023-768x512.jpg 768w, https:\/\/www.latitudsanluis.com\/wp-content\/uploads\/2026\/08\/IMG-20260820-WA0023.jpg 1280w\" sizes=\"(max-width: 300px) 100vw, 300px\" \/> <img decoding=\"async\" class=\"alignnone size-medium wp-image-42465\" src=\"https:\/\/www.latitudsanluis.com\/wp-content\/uploads\/2026\/08\/IMG-20260820-WA0027-300x200.jpg\" alt=\"\" width=\"300\" height=\"200\" srcset=\"https:\/\/www.latitudsanluis.com\/wp-content\/uploads\/2026\/08\/IMG-20260820-WA0027-300x200.jpg 300w, https:\/\/www.latitudsanluis.com\/wp-content\/uploads\/2026\/08\/IMG-20260820-WA0027-1024x683.jpg 1024w, https:\/\/www.latitudsanluis.com\/wp-content\/uploads\/2026\/08\/IMG-20260820-WA0027-768x512.jpg 768w, https:\/\/www.latitudsanluis.com\/wp-content\/uploads\/2026\/08\/IMG-20260820-WA0027.jpg 1280w\" sizes=\"(max-width: 300px) 100vw, 300px\" \/> <img loading=\"lazy\" decoding=\"async\" class=\"alignnone size-medium wp-image-42466\" src=\"https:\/\/www.latitudsanluis.com\/wp-content\/uploads\/2026\/08\/IMG-20260820-WA0025-300x200.jpg\" alt=\"\" width=\"300\" height=\"200\" srcset=\"https:\/\/www.latitudsanluis.com\/wp-content\/uploads\/2026\/08\/IMG-20260820-WA0025-300x200.jpg 300w, https:\/\/www.latitudsanluis.com\/wp-content\/uploads\/2026\/08\/IMG-20260820-WA0025-1024x683.jpg 1024w, https:\/\/www.latitudsanluis.com\/wp-content\/uploads\/2026\/08\/IMG-20260820-WA0025-768x512.jpg 768w, https:\/\/www.latitudsanluis.com\/wp-content\/uploads\/2026\/08\/IMG-20260820-WA0025.jpg 1280w\" sizes=\"(max-width: 300px) 100vw, 300px\" \/> <img loading=\"lazy\" decoding=\"async\" class=\"alignnone size-medium wp-image-42467\" src=\"https:\/\/www.latitudsanluis.com\/wp-content\/uploads\/2026\/08\/IMG-20260820-WA0022-300x200.jpg\" alt=\"\" width=\"300\" height=\"200\" srcset=\"https:\/\/www.latitudsanluis.com\/wp-content\/uploads\/2026\/08\/IMG-20260820-WA0022-300x200.jpg 300w, https:\/\/www.latitudsanluis.com\/wp-content\/uploads\/2026\/08\/IMG-20260820-WA0022-1024x683.jpg 1024w, https:\/\/www.latitudsanluis.com\/wp-content\/uploads\/2026\/08\/IMG-20260820-WA0022-768x512.jpg 768w, https:\/\/www.latitudsanluis.com\/wp-content\/uploads\/2026\/08\/IMG-20260820-WA0022.jpg 1280w\" sizes=\"(max-width: 300px) 100vw, 300px\" \/><\/p>\n","protected":false},"excerpt":{"rendered":"<p>CON SABOR Y TRADICI\u00d3N, VILLA DE POZOS CONQUISTA LA FENAPO 2026 &nbsp; -Las y los mas de 9 mil visitantes pudieron degustar con una taquiza los ricos sabores tradicionales de El Panalillo. &nbsp; Con un ambiente familiar, lleno de sabor y m\u00fasica en vivo, el Gobierno Municipal de Villa de Pozos inaugur\u00f3 con \u00e9xito el [&hellip;]<\/p>\n","protected":false},"author":8,"featured_media":42463,"comment_status":"closed","ping_status":"open","sticky":false,"template":"","format":"standard","meta":{"footnotes":""},"categories":[9,1361],"tags":[1446,342,1390,669,1389],"class_list":["post-42462","post","type-post","status-publish","format-standard","has-post-thumbnail","hentry","category-gobierno","category-villa-de-pozos","tag-fenapo-2026","tag-gobierno-del-estado","tag-martha-patricia-aradillas","tag-municipio-de-villa-de-pozos","tag-ricardo-gallardo-cardona"],"_links":{"self":[{"href":"https:\/\/www.latitudsanluis.com\/home\/wp-json\/wp\/v2\/posts\/42462","targetHints":{"allow":["GET"]}}],"collection":[{"href":"https:\/\/www.latitudsanluis.com\/home\/wp-json\/wp\/v2\/posts"}],"about":[{"href":"https:\/\/www.latitudsanluis.com\/home\/wp-json\/wp\/v2\/types\/post"}],"author":[{"embeddable":true,"href":"https:\/\/www.latitudsanluis.com\/home\/wp-json\/wp\/v2\/users\/8"}],"replies":[{"embeddable":true,"href":"https:\/\/www.latitudsanluis.com\/home\/wp-json\/wp\/v2\/comments?post=42462"}],"version-history":[{"count":1,"href":"https:\/\/www.latitudsanluis.com\/home\/wp-json\/wp\/v2\/posts\/42462\/revisions"}],"predecessor-version":[{"id":42468,"href":"https:\/\/www.latitudsanluis.com\/home\/wp-json\/wp\/v2\/posts\/42462\/revisions\/42468"}],"wp:featuredmedia":[{"embeddable":true,"href":"https:\/\/www.latitudsanluis.com\/home\/wp-json\/wp\/v2\/media\/42463"}],"wp:attachment":[{"href":"https:\/\/www.latitudsanluis.com\/home\/wp-json\/wp\/v2\/media?parent=42462"}],"wp:term":[{"taxonomy":"category","embeddable":true,"href":"https:\/\/www.latitudsanluis.com\/home\/wp-json\/wp\/v2\/categories?post=42462"},{"taxonomy":"post_tag","embeddable":true,"href":"https:\/\/www.latitudsanluis.com\/home\/wp-json\/wp\/v2\/tags?post=42462"}],"curies":[{"name":"wp","href":"https:\/\/api.w.org\/{rel}","templated":true}]}}