{"id":42490,"date":"2026-08-21T13:37:27","date_gmt":"2026-08-21T19:37:27","guid":{"rendered":"https:\/\/www.latitudsanluis.com\/home\/?p=42490"},"modified":"2026-08-24T13:38:01","modified_gmt":"2026-08-24T19:38:01","slug":"soledad-de-graciano-sanchez-reune-a-miles-en-el-dia-de-la-garnacha-en-la-fenapo-2026","status":"publish","type":"post","link":"https:\/\/www.latitudsanluis.com\/home\/gobierno\/soledad-de-graciano-sanchez-reune-a-miles-en-el-dia-de-la-garnacha-en-la-fenapo-2026\/","title":{"rendered":"SOLEDAD DE GRACIANO S\u00c1NCHEZ RE\u00daNE A MILES EN EL D\u00cdA DE LA GARNACHA EN LA FENAPO 2026\u00a0"},"content":{"rendered":"<p style=\"text-align: left;\">SOLEDAD DE GRACIANO S\u00c1NCHEZ RE\u00daNE A MILES EN EL D\u00cdA DE LA GARNACHA EN LA FENAPO 2026<\/p>\n<p style=\"text-align: left;\">\n<p style=\"text-align: left;\">&#8211; M\u00e1s de 35 mil enchiladas y gorditas fueron repartidas a familias visitantes y locales, en una tarde que reuni\u00f3 fiesta, sabor, tradici\u00f3n y convivencia.<\/p>\n<p style=\"text-align: left;\">\n<p style=\"text-align: left;\">&#8211; El Gobernador, Ricardo Gallardo Cardona y el Alcalde, Juan Manuel Navarro reconocieron esta festividad como una oportunidad de unir familias y compartir momentos alegres.<\/p>\n<p style=\"text-align: left;\">\n<p style=\"text-align: left;\">Con el acompa\u00f1amiento de miles de familias soledenses y visitantes, el Gobernador del Estado, Ricardo Gallardo Cardona y el Presidente Municipal, Juan Manuel Navarro Mu\u00f1iz, encabezaron el D\u00eda de la Garnacha con la entrega gratuita de platillos t\u00edpicos de Soledad de Graciano S\u00e1nchez, como son las enchiladas potosinas y las reconocidas gorditas de la localidad Palma de la Cruz, en un ambiente de fiesta, m\u00fasica en vivo y sabor tradicional.<\/p>\n<p style=\"text-align: left;\">\n<p style=\"text-align: left;\">En la zona del Palenque de la Feria Nacional Potosina (FENAPO), el Gobernador destac\u00f3 el entusiasmo de las familias de todas las colonias y localidades de Soledad, y les dio la bienvenida al tradicional evento que durante su administraci\u00f3n se ha realizado con el objetivo de convocar a visitantes de todos los municipios, estados y pa\u00edses a degustar de la gastronom\u00eda identitaria de San Luis Potos\u00ed, en especial, de Soledad, territorio considerado Cuna de la Enchilada Potosina.<\/p>\n<p style=\"text-align: left;\">\n<p style=\"text-align: left;\">El Alcalde, por su parte, reconoci\u00f3 la enorme participaci\u00f3n de la gente soledense que hizo de este evento una tarde llena de alegr\u00eda, convivencia social, festejo y disfrute de los atractivos gratuitos de la FENAPO, destacando que Ricardo Gallardo impuls\u00f3 que esta Feria fuera de acceso y amenidades gratuitas, tal y como lo consolid\u00f3 en Soledad de Graciano S\u00e1nchez con la Feria Nacional de la Enchilada.<\/p>\n<p style=\"text-align: left;\">\n<p style=\"text-align: left;\">Puntualiz\u00f3 que las enchiladas soledenses fueron declaradas Patrimonio Cultural Intangible de San Luis Potos\u00ed, desde el a\u00f1o 2016, y que hoy son un deleite en todo el mundo, por lo que la oportunidad de llevarlas a la m\u00e1xima fiesta estatal, lo agradecen enormemente familias enteras que se dieron cita desde la una de la tarde, formando largas filas. Este viernes, fueron entregadas m\u00e1s de 35 mil enchiladas y gorditas de diversos guisos.<\/p>\n<p style=\"text-align: left;\">\n<p style=\"text-align: left;\">Subray\u00f3 que el D\u00eda de la Garnacha se ha consolidado como una actividad que promueve la uni\u00f3n comunitaria, la alegr\u00eda de compartir y la visita a todos los atractivos de la FENAPO, para ni\u00f1os, ni\u00f1as, j\u00f3venes, adultos y adultos mayores, todos con el mismo objetivo de interactuar y convivir positivamente.<\/p>\n<p style=\"text-align: left;\">\n<p style=\"text-align: left;\">Con familias gustosas, disfrutando de la tradicional preparaci\u00f3n de enchiladas con frijoles refritos, aguacate, queso, cueritos; y gorditas rellenas de encebollado, huevo rojo, deshebrada, chicharr\u00f3n y m\u00e1s, fue como se disfrut\u00f3 de una tarde inolvidable, reflejando el cambio que se vive al ofrecer entornos agradables para todos y todas.<\/p>\n<p><img fetchpriority=\"high\" decoding=\"async\" class=\"alignnone size-medium wp-image-42491\" src=\"https:\/\/www.latitudsanluis.com\/wp-content\/uploads\/2026\/08\/IMG-20260821-WA0105-300x200.jpg\" alt=\"\" width=\"300\" height=\"200\" srcset=\"https:\/\/www.latitudsanluis.com\/wp-content\/uploads\/2026\/08\/IMG-20260821-WA0105-300x200.jpg 300w, https:\/\/www.latitudsanluis.com\/wp-content\/uploads\/2026\/08\/IMG-20260821-WA0105-1024x683.jpg 1024w, https:\/\/www.latitudsanluis.com\/wp-content\/uploads\/2026\/08\/IMG-20260821-WA0105-768x512.jpg 768w, https:\/\/www.latitudsanluis.com\/wp-content\/uploads\/2026\/08\/IMG-20260821-WA0105.jpg 1032w\" sizes=\"(max-width: 300px) 100vw, 300px\" \/> <img decoding=\"async\" class=\"alignnone size-medium wp-image-42492\" src=\"https:\/\/www.latitudsanluis.com\/wp-content\/uploads\/2026\/08\/IMG-20260821-WA0108-300x200.jpg\" alt=\"\" width=\"300\" height=\"200\" srcset=\"https:\/\/www.latitudsanluis.com\/wp-content\/uploads\/2026\/08\/IMG-20260821-WA0108-300x200.jpg 300w, https:\/\/www.latitudsanluis.com\/wp-content\/uploads\/2026\/08\/IMG-20260821-WA0108-1024x682.jpg 1024w, https:\/\/www.latitudsanluis.com\/wp-content\/uploads\/2026\/08\/IMG-20260821-WA0108-768x512.jpg 768w, https:\/\/www.latitudsanluis.com\/wp-content\/uploads\/2026\/08\/IMG-20260821-WA0108.jpg 1280w\" sizes=\"(max-width: 300px) 100vw, 300px\" \/> <img decoding=\"async\" class=\"alignnone size-medium wp-image-42493\" src=\"https:\/\/www.latitudsanluis.com\/wp-content\/uploads\/2026\/08\/IMG-20260821-WA0116-300x200.jpg\" alt=\"\" width=\"300\" height=\"200\" srcset=\"https:\/\/www.latitudsanluis.com\/wp-content\/uploads\/2026\/08\/IMG-20260821-WA0116-300x200.jpg 300w, https:\/\/www.latitudsanluis.com\/wp-content\/uploads\/2026\/08\/IMG-20260821-WA0116-1024x683.jpg 1024w, https:\/\/www.latitudsanluis.com\/wp-content\/uploads\/2026\/08\/IMG-20260821-WA0116-768x512.jpg 768w, https:\/\/www.latitudsanluis.com\/wp-content\/uploads\/2026\/08\/IMG-20260821-WA0116.jpg 1032w\" sizes=\"(max-width: 300px) 100vw, 300px\" \/> <img loading=\"lazy\" decoding=\"async\" class=\"alignnone size-medium wp-image-42494\" src=\"https:\/\/www.latitudsanluis.com\/wp-content\/uploads\/2026\/08\/IMG-20260821-WA0120-300x200.jpg\" alt=\"\" width=\"300\" height=\"200\" srcset=\"https:\/\/www.latitudsanluis.com\/wp-content\/uploads\/2026\/08\/IMG-20260821-WA0120-300x200.jpg 300w, https:\/\/www.latitudsanluis.com\/wp-content\/uploads\/2026\/08\/IMG-20260821-WA0120-1024x683.jpg 1024w, https:\/\/www.latitudsanluis.com\/wp-content\/uploads\/2026\/08\/IMG-20260821-WA0120-768x512.jpg 768w, https:\/\/www.latitudsanluis.com\/wp-content\/uploads\/2026\/08\/IMG-20260821-WA0120.jpg 1032w\" sizes=\"(max-width: 300px) 100vw, 300px\" \/> <img loading=\"lazy\" decoding=\"async\" class=\"alignnone size-medium wp-image-42495\" src=\"https:\/\/www.latitudsanluis.com\/wp-content\/uploads\/2026\/08\/IMG-20260821-WA0123-300x200.jpg\" alt=\"\" width=\"300\" height=\"200\" srcset=\"https:\/\/www.latitudsanluis.com\/wp-content\/uploads\/2026\/08\/IMG-20260821-WA0123-300x200.jpg 300w, https:\/\/www.latitudsanluis.com\/wp-content\/uploads\/2026\/08\/IMG-20260821-WA0123-1024x683.jpg 1024w, https:\/\/www.latitudsanluis.com\/wp-content\/uploads\/2026\/08\/IMG-20260821-WA0123-768x512.jpg 768w, https:\/\/www.latitudsanluis.com\/wp-content\/uploads\/2026\/08\/IMG-20260821-WA0123.jpg 1032w\" sizes=\"(max-width: 300px) 100vw, 300px\" \/><\/p>\n","protected":false},"excerpt":{"rendered":"<p>SOLEDAD DE GRACIANO S\u00c1NCHEZ RE\u00daNE A MILES EN EL D\u00cdA DE LA GARNACHA EN LA FENAPO 2026 &#8211; M\u00e1s de 35 mil enchiladas y gorditas fueron repartidas a familias visitantes y locales, en una tarde que reuni\u00f3 fiesta, sabor, tradici\u00f3n y convivencia. &#8211; El Gobernador, Ricardo Gallardo Cardona y el Alcalde, Juan Manuel Navarro reconocieron [&hellip;]<\/p>\n","protected":false},"author":8,"featured_media":42491,"comment_status":"closed","ping_status":"open","sticky":false,"template":"","format":"standard","meta":{"footnotes":""},"categories":[9,28],"tags":[342,384,591,1389],"class_list":["post-42490","post","type-post","status-publish","format-standard","has-post-thumbnail","hentry","category-gobierno","category-soledad","tag-gobierno-del-estado","tag-juan-manuel-navarro","tag-municipio-de-soledad-de-graciano-sanchez","tag-ricardo-gallardo-cardona"],"_links":{"self":[{"href":"https:\/\/www.latitudsanluis.com\/home\/wp-json\/wp\/v2\/posts\/42490","targetHints":{"allow":["GET"]}}],"collection":[{"href":"https:\/\/www.latitudsanluis.com\/home\/wp-json\/wp\/v2\/posts"}],"about":[{"href":"https:\/\/www.latitudsanluis.com\/home\/wp-json\/wp\/v2\/types\/post"}],"author":[{"embeddable":true,"href":"https:\/\/www.latitudsanluis.com\/home\/wp-json\/wp\/v2\/users\/8"}],"replies":[{"embeddable":true,"href":"https:\/\/www.latitudsanluis.com\/home\/wp-json\/wp\/v2\/comments?post=42490"}],"version-history":[{"count":1,"href":"https:\/\/www.latitudsanluis.com\/home\/wp-json\/wp\/v2\/posts\/42490\/revisions"}],"predecessor-version":[{"id":42496,"href":"https:\/\/www.latitudsanluis.com\/home\/wp-json\/wp\/v2\/posts\/42490\/revisions\/42496"}],"wp:featuredmedia":[{"embeddable":true,"href":"https:\/\/www.latitudsanluis.com\/home\/wp-json\/wp\/v2\/media\/42491"}],"wp:attachment":[{"href":"https:\/\/www.latitudsanluis.com\/home\/wp-json\/wp\/v2\/media?parent=42490"}],"wp:term":[{"taxonomy":"category","embeddable":true,"href":"https:\/\/www.latitudsanluis.com\/home\/wp-json\/wp\/v2\/categories?post=42490"},{"taxonomy":"post_tag","embeddable":true,"href":"https:\/\/www.latitudsanluis.com\/home\/wp-json\/wp\/v2\/tags?post=42490"}],"curies":[{"name":"wp","href":"https:\/\/api.w.org\/{rel}","templated":true}]}}