{"id":42634,"date":"2026-08-29T15:12:29","date_gmt":"2026-08-29T21:12:29","guid":{"rendered":"https:\/\/www.latitudsanluis.com\/home\/?p=42634"},"modified":"2026-09-01T15:12:52","modified_gmt":"2026-09-01T21:12:52","slug":"canaco-reconoce-el-crecimiento-de-villa-de-pozos","status":"publish","type":"post","link":"https:\/\/www.latitudsanluis.com\/home\/villa-de-pozos\/canaco-reconoce-el-crecimiento-de-villa-de-pozos\/","title":{"rendered":"CANACO RECONOCE EL CRECIMIENTO DE VILLA DE POZOS"},"content":{"rendered":"<p>CANACO RECONOCE EL CRECIMIENTO DE VILLA DE POZOS<\/p>\n<p>&nbsp;<\/p>\n<p>-El presidente Mauricio Mahbub Tamez indic\u00f3 que su turismo y cultura impulsan el auge del municipio.<\/p>\n<p>&nbsp;<\/p>\n<p>El presidente de la C\u00e1mara Nacional de Comercio Servicios y Turismo (Canaco-Servytur), cap\u00edtulo San Luis, Mauricio Mahbub Tamez, reconoci\u00f3 el crecimiento y auge de Villa de Pozos en un ritmo que ha resultado en un mejor desarrollo del turismo y la industria.<\/p>\n<p>&nbsp;<\/p>\n<p>Se\u00f1al\u00f3 que desde la Canaco se ha observado que la cultura y el turismo de Villa de Pozos lo colocan como una opci\u00f3n para que lleguen m\u00e1s universidades, industrias y desarrolladores inmobiliarios, al tiempo de darse un crecimiento de la mano de su gente al apostar por el consumo local.<\/p>\n<p>&nbsp;<\/p>\n<p>Asimismo, el presidente indic\u00f3 que se trabaja en fortalecer la coordinaci\u00f3n entre Canaco y el Gobierno Municipal para tener una mejor relaci\u00f3n comercial para que se logre un aumento en la exposici\u00f3n los productos que se tiene por ofrecer a la poblaci\u00f3n, as\u00ed como al gremio del comercio y turismo.<\/p>\n<p>&nbsp;<\/p>\n<p>Por \u00faltimo, con la reci\u00e9n inaugurada Feria del Queso en Villa de Pozos, Mahbub Tamez espera que vengan m\u00e1s ediciones, pues con este tipo de proyectos se logra incentivar a que m\u00e1s personas se animen a crear productos artesanales, y acompa\u00f1arlos para que muestren sus productos en tiendas comerciales y se aumente el consumo local.<\/p>\n<p><img fetchpriority=\"high\" decoding=\"async\" class=\"alignnone size-medium wp-image-42635\" src=\"https:\/\/www.latitudsanluis.com\/wp-content\/uploads\/2026\/09\/IMG-20260829-WA0000-300x200.jpg\" alt=\"\" width=\"300\" height=\"200\" srcset=\"https:\/\/www.latitudsanluis.com\/wp-content\/uploads\/2026\/09\/IMG-20260829-WA0000-300x200.jpg 300w, https:\/\/www.latitudsanluis.com\/wp-content\/uploads\/2026\/09\/IMG-20260829-WA0000-1024x682.jpg 1024w, https:\/\/www.latitudsanluis.com\/wp-content\/uploads\/2026\/09\/IMG-20260829-WA0000-768x512.jpg 768w, https:\/\/www.latitudsanluis.com\/wp-content\/uploads\/2026\/09\/IMG-20260829-WA0000-1536x1024.jpg 1536w, https:\/\/www.latitudsanluis.com\/wp-content\/uploads\/2026\/09\/IMG-20260829-WA0000-2048x1365.jpg 2048w\" sizes=\"(max-width: 300px) 100vw, 300px\" \/> <img decoding=\"async\" class=\"alignnone size-medium wp-image-42636\" src=\"https:\/\/www.latitudsanluis.com\/wp-content\/uploads\/2026\/09\/IMG-20260829-WA0009-300x300.jpg\" alt=\"\" width=\"300\" height=\"300\" srcset=\"https:\/\/www.latitudsanluis.com\/wp-content\/uploads\/2026\/09\/IMG-20260829-WA0009-300x300.jpg 300w, https:\/\/www.latitudsanluis.com\/wp-content\/uploads\/2026\/09\/IMG-20260829-WA0009-1024x1019.jpg 1024w, https:\/\/www.latitudsanluis.com\/wp-content\/uploads\/2026\/09\/IMG-20260829-WA0009-150x150.jpg 150w, https:\/\/www.latitudsanluis.com\/wp-content\/uploads\/2026\/09\/IMG-20260829-WA0009.jpg 1600w\" sizes=\"(max-width: 300px) 100vw, 300px\" \/> <img decoding=\"async\" class=\"alignnone size-medium wp-image-42637\" src=\"https:\/\/www.latitudsanluis.com\/wp-content\/uploads\/2026\/09\/IMG-20260829-WA0001-300x200.jpg\" alt=\"\" width=\"300\" height=\"200\" srcset=\"https:\/\/www.latitudsanluis.com\/wp-content\/uploads\/2026\/09\/IMG-20260829-WA0001-300x200.jpg 300w, https:\/\/www.latitudsanluis.com\/wp-content\/uploads\/2026\/09\/IMG-20260829-WA0001-1024x682.jpg 1024w, https:\/\/www.latitudsanluis.com\/wp-content\/uploads\/2026\/09\/IMG-20260829-WA0001-768x512.jpg 768w, https:\/\/www.latitudsanluis.com\/wp-content\/uploads\/2026\/09\/IMG-20260829-WA0001-1536x1024.jpg 1536w, https:\/\/www.latitudsanluis.com\/wp-content\/uploads\/2026\/09\/IMG-20260829-WA0001-2048x1365.jpg 2048w\" sizes=\"(max-width: 300px) 100vw, 300px\" \/><\/p>\n","protected":false},"excerpt":{"rendered":"<p>CANACO RECONOCE EL CRECIMIENTO DE VILLA DE POZOS &nbsp; -El presidente Mauricio Mahbub Tamez indic\u00f3 que su turismo y cultura impulsan el auge del municipio. &nbsp; El presidente de la C\u00e1mara Nacional de Comercio Servicios y Turismo (Canaco-Servytur), cap\u00edtulo San Luis, Mauricio Mahbub Tamez, reconoci\u00f3 el crecimiento y auge de Villa de Pozos en un [&hellip;]<\/p>\n","protected":false},"author":8,"featured_media":42635,"comment_status":"closed","ping_status":"open","sticky":false,"template":"","format":"standard","meta":{"footnotes":""},"categories":[1361],"tags":[1438,669],"class_list":["post-42634","post","type-post","status-publish","format-standard","has-post-thumbnail","hentry","category-villa-de-pozos","tag-canaco","tag-municipio-de-villa-de-pozos"],"_links":{"self":[{"href":"https:\/\/www.latitudsanluis.com\/home\/wp-json\/wp\/v2\/posts\/42634","targetHints":{"allow":["GET"]}}],"collection":[{"href":"https:\/\/www.latitudsanluis.com\/home\/wp-json\/wp\/v2\/posts"}],"about":[{"href":"https:\/\/www.latitudsanluis.com\/home\/wp-json\/wp\/v2\/types\/post"}],"author":[{"embeddable":true,"href":"https:\/\/www.latitudsanluis.com\/home\/wp-json\/wp\/v2\/users\/8"}],"replies":[{"embeddable":true,"href":"https:\/\/www.latitudsanluis.com\/home\/wp-json\/wp\/v2\/comments?post=42634"}],"version-history":[{"count":1,"href":"https:\/\/www.latitudsanluis.com\/home\/wp-json\/wp\/v2\/posts\/42634\/revisions"}],"predecessor-version":[{"id":42638,"href":"https:\/\/www.latitudsanluis.com\/home\/wp-json\/wp\/v2\/posts\/42634\/revisions\/42638"}],"wp:featuredmedia":[{"embeddable":true,"href":"https:\/\/www.latitudsanluis.com\/home\/wp-json\/wp\/v2\/media\/42635"}],"wp:attachment":[{"href":"https:\/\/www.latitudsanluis.com\/home\/wp-json\/wp\/v2\/media?parent=42634"}],"wp:term":[{"taxonomy":"category","embeddable":true,"href":"https:\/\/www.latitudsanluis.com\/home\/wp-json\/wp\/v2\/categories?post=42634"},{"taxonomy":"post_tag","embeddable":true,"href":"https:\/\/www.latitudsanluis.com\/home\/wp-json\/wp\/v2\/tags?post=42634"}],"curies":[{"name":"wp","href":"https:\/\/api.w.org\/{rel}","templated":true}]}}