{"id":42645,"date":"2026-08-30T15:17:30","date_gmt":"2026-08-30T21:17:30","guid":{"rendered":"https:\/\/www.latitudsanluis.com\/home\/?p=42645"},"modified":"2026-09-01T15:17:44","modified_gmt":"2026-09-01T21:17:44","slug":"mas-de-200-docentes-se-actualizan-en-educacion-inclusiva","status":"publish","type":"post","link":"https:\/\/www.latitudsanluis.com\/home\/gobierno\/mas-de-200-docentes-se-actualizan-en-educacion-inclusiva\/","title":{"rendered":"M\u00c1S DE 200 DOCENTES SE ACTUALIZAN EN EDUCACI\u00d3N INCLUSIVA  \u00a0"},"content":{"rendered":"<p style=\"text-align: left;\">M\u00c1S DE 200 DOCENTES SE ACTUALIZAN EN EDUCACI\u00d3N INCLUSIVA<\/p>\n<p style=\"text-align: left;\">\n<p style=\"text-align: left;\">\u2022 Maestras y maestros de preescolar adquirieron herramientas para atender la diversidad y las necesidades de ni\u00f1as y ni\u00f1os en las aulas.<\/p>\n<p style=\"text-align: left;\">\n<p style=\"text-align: left;\">M\u00e1s de 200 docentes de educaci\u00f3n preescolar participaron en una jornada de actualizaci\u00f3n sobre estrategias did\u00e1cticas inclusivas, organizada por el Sistema Educativo Estatal Regular (SEER). La capacitaci\u00f3n abord\u00f3 el Dise\u00f1o Universal para el Aprendizaje y las barreras que pueden afectar el aprendizaje y la participaci\u00f3n.<\/p>\n<p style=\"text-align: left;\">La actividad responde a la pol\u00edtica del Gobernador Ricardo Gallardo Cardona, que contempla la preparaci\u00f3n permanente del personal docente para ofrecer una educaci\u00f3n de calidad. Las herramientas compartidas permitir\u00e1n dise\u00f1ar estrategias.<\/p>\n<p style=\"text-align: left;\">La conferencia estuvo a cargo de Ma. Virginia Gonz\u00e1lez Turrubiartes y Michelle Ni\u00f1o Bear, quienes presentaron conocimientos y recursos para favorecer pr\u00e1cticas educativas inclusivas y ambientes de aprendizaje adecuados.<\/p>\n<p style=\"text-align: left;\">\u00a0La jornada se realiz\u00f3 en el auditorio de la secundaria Jos\u00e9 Ciriaco Cruz. Para el Gobierno del Estado, la formaci\u00f3n continua del personal educativo es una herramienta para avanzar hacia una educaci\u00f3n sin l\u00edmites, con pr\u00e1cticas que atiendan de manera m\u00e1s adecuada a las y los estudiantes.<\/p>\n<p><img fetchpriority=\"high\" decoding=\"async\" class=\"alignnone size-medium wp-image-42646\" src=\"https:\/\/www.latitudsanluis.com\/wp-content\/uploads\/2026\/09\/IMG-20260830-WA0020-300x200.jpg\" alt=\"\" width=\"300\" height=\"200\" srcset=\"https:\/\/www.latitudsanluis.com\/wp-content\/uploads\/2026\/09\/IMG-20260830-WA0020-300x200.jpg 300w, https:\/\/www.latitudsanluis.com\/wp-content\/uploads\/2026\/09\/IMG-20260830-WA0020-1024x682.jpg 1024w, https:\/\/www.latitudsanluis.com\/wp-content\/uploads\/2026\/09\/IMG-20260830-WA0020-768x512.jpg 768w, https:\/\/www.latitudsanluis.com\/wp-content\/uploads\/2026\/09\/IMG-20260830-WA0020-1536x1023.jpg 1536w, https:\/\/www.latitudsanluis.com\/wp-content\/uploads\/2026\/09\/IMG-20260830-WA0020.jpg 1600w\" sizes=\"(max-width: 300px) 100vw, 300px\" \/> <img decoding=\"async\" class=\"alignnone size-medium wp-image-42647\" src=\"https:\/\/www.latitudsanluis.com\/wp-content\/uploads\/2026\/09\/IMG-20260830-WA0024-300x200.jpg\" alt=\"\" width=\"300\" height=\"200\" srcset=\"https:\/\/www.latitudsanluis.com\/wp-content\/uploads\/2026\/09\/IMG-20260830-WA0024-300x200.jpg 300w, https:\/\/www.latitudsanluis.com\/wp-content\/uploads\/2026\/09\/IMG-20260830-WA0024-1024x682.jpg 1024w, https:\/\/www.latitudsanluis.com\/wp-content\/uploads\/2026\/09\/IMG-20260830-WA0024-768x512.jpg 768w, https:\/\/www.latitudsanluis.com\/wp-content\/uploads\/2026\/09\/IMG-20260830-WA0024-1536x1023.jpg 1536w, https:\/\/www.latitudsanluis.com\/wp-content\/uploads\/2026\/09\/IMG-20260830-WA0024.jpg 1600w\" sizes=\"(max-width: 300px) 100vw, 300px\" \/> <img decoding=\"async\" class=\"alignnone size-medium wp-image-42648\" src=\"https:\/\/www.latitudsanluis.com\/wp-content\/uploads\/2026\/09\/IMG-20260830-WA0021-300x200.jpg\" alt=\"\" width=\"300\" height=\"200\" srcset=\"https:\/\/www.latitudsanluis.com\/wp-content\/uploads\/2026\/09\/IMG-20260830-WA0021-300x200.jpg 300w, https:\/\/www.latitudsanluis.com\/wp-content\/uploads\/2026\/09\/IMG-20260830-WA0021-1024x682.jpg 1024w, https:\/\/www.latitudsanluis.com\/wp-content\/uploads\/2026\/09\/IMG-20260830-WA0021-768x512.jpg 768w, https:\/\/www.latitudsanluis.com\/wp-content\/uploads\/2026\/09\/IMG-20260830-WA0021-1536x1023.jpg 1536w, https:\/\/www.latitudsanluis.com\/wp-content\/uploads\/2026\/09\/IMG-20260830-WA0021.jpg 1600w\" sizes=\"(max-width: 300px) 100vw, 300px\" \/><\/p>\n","protected":false},"excerpt":{"rendered":"<p>M\u00c1S DE 200 DOCENTES SE ACTUALIZAN EN EDUCACI\u00d3N INCLUSIVA \u2022 Maestras y maestros de preescolar adquirieron herramientas para atender la diversidad y las necesidades de ni\u00f1as y ni\u00f1os en las aulas. M\u00e1s de 200 docentes de educaci\u00f3n preescolar participaron en una jornada de actualizaci\u00f3n sobre estrategias did\u00e1cticas inclusivas, organizada por el Sistema Educativo Estatal Regular [&hellip;]<\/p>\n","protected":false},"author":8,"featured_media":42646,"comment_status":"closed","ping_status":"open","sticky":false,"template":"","format":"standard","meta":{"footnotes":""},"categories":[9,1191],"tags":[342,606],"class_list":["post-42645","post","type-post","status-publish","format-standard","has-post-thumbnail","hentry","category-gobierno","category-seer","tag-gobierno-del-estado","tag-seer"],"_links":{"self":[{"href":"https:\/\/www.latitudsanluis.com\/home\/wp-json\/wp\/v2\/posts\/42645","targetHints":{"allow":["GET"]}}],"collection":[{"href":"https:\/\/www.latitudsanluis.com\/home\/wp-json\/wp\/v2\/posts"}],"about":[{"href":"https:\/\/www.latitudsanluis.com\/home\/wp-json\/wp\/v2\/types\/post"}],"author":[{"embeddable":true,"href":"https:\/\/www.latitudsanluis.com\/home\/wp-json\/wp\/v2\/users\/8"}],"replies":[{"embeddable":true,"href":"https:\/\/www.latitudsanluis.com\/home\/wp-json\/wp\/v2\/comments?post=42645"}],"version-history":[{"count":1,"href":"https:\/\/www.latitudsanluis.com\/home\/wp-json\/wp\/v2\/posts\/42645\/revisions"}],"predecessor-version":[{"id":42649,"href":"https:\/\/www.latitudsanluis.com\/home\/wp-json\/wp\/v2\/posts\/42645\/revisions\/42649"}],"wp:featuredmedia":[{"embeddable":true,"href":"https:\/\/www.latitudsanluis.com\/home\/wp-json\/wp\/v2\/media\/42646"}],"wp:attachment":[{"href":"https:\/\/www.latitudsanluis.com\/home\/wp-json\/wp\/v2\/media?parent=42645"}],"wp:term":[{"taxonomy":"category","embeddable":true,"href":"https:\/\/www.latitudsanluis.com\/home\/wp-json\/wp\/v2\/categories?post=42645"},{"taxonomy":"post_tag","embeddable":true,"href":"https:\/\/www.latitudsanluis.com\/home\/wp-json\/wp\/v2\/tags?post=42645"}],"curies":[{"name":"wp","href":"https:\/\/api.w.org\/{rel}","templated":true}]}}