{"id":42650,"date":"2026-08-31T15:20:47","date_gmt":"2026-08-31T21:20:47","guid":{"rendered":"https:\/\/www.latitudsanluis.com\/home\/?p=42650"},"modified":"2026-09-01T15:21:04","modified_gmt":"2026-09-01T21:21:04","slug":"ricardo-gallardo-clausura-la-fenapo-2026-la-numero-uno-de-mexico-con-mas-de-10-millones-de-visitas","status":"publish","type":"post","link":"https:\/\/www.latitudsanluis.com\/home\/gobierno\/ricardo-gallardo-clausura-la-fenapo-2026-la-numero-uno-de-mexico-con-mas-de-10-millones-de-visitas\/","title":{"rendered":"RICARDO GALLARDO CLAUSURA LA FENAPO 2026, LA N\u00daMERO UNO DE M\u00c9XICO CON M\u00c1S DE 10 MILLONES DE VISITAS"},"content":{"rendered":"<p>RICARDO GALLARDO CLAUSURA LA FENAPO 2026, LA N\u00daMERO UNO DE M\u00c9XICO CON M\u00c1S DE 10 MILLONES DE VISITAS<\/p>\n<p>&nbsp;<\/p>\n<p>* El Gobernador del Estado encabez\u00f3 el cierre de una edici\u00f3n hist\u00f3rica que coloc\u00f3 a San Luis Potos\u00ed como referente nacional por su gratuidad, inclusi\u00f3n, espect\u00e1culos internacionales, impacto econ\u00f3mico y convivencia familiar.<\/p>\n<p>&nbsp;<\/p>\n<p>El Gobernador del Estado, Ricardo Gallardo Cardona, acompa\u00f1ado de la Senadora de la Rep\u00fablica, Ruth Gonz\u00e1lez Silva, y del Patronato de la Feria Nacional Potosina (Fenapo), encabez\u00f3 el cierre de la edici\u00f3n 2026, la cual super\u00f3 los 10 millones de visitas, superando todos los r\u00e9cords anteriores y consolidando, a la m\u00e1xima fiesta de las y los potosinos, como la feria n\u00famero uno de M\u00e9xico.<\/p>\n<p>&nbsp;<\/p>\n<p>Previamente a la presentaci\u00f3n de los Tigres del Norte, agrupaci\u00f3n que cerr\u00f3 el Teatro del Pueblo, el presidente de la Asociaci\u00f3n Mexicana de Ferias, Fiestas, Expos y Eventos Masivos A.C. (ASONAFE), Julio C\u00e9sar Gonz\u00e1lez M\u00e9ndez, entreg\u00f3 un reconocimiento a la Fenapo por las caracter\u00edsticas que hoy la colocan como referente nacional, posicionamiento que se alcanz\u00f3 mediante un proyecto que transform\u00f3 por completo la experiencia ferial con entrada gratuita, conciertos sin costo en zona general, decenas de juegos y atracciones para las familias, espect\u00e1culos infantiles, espacios para sectores que anteriormente ten\u00edan menor acceso a este tipo de eventos, as\u00ed como una amplia oferta cultural, gastron\u00f3mica, artesanal, comercial, deportiva y ganadera.<\/p>\n<p>&nbsp;<\/p>\n<p>A ello se sum\u00f3 una operaci\u00f3n permanente de seguridad, Protecci\u00f3n Civil, servicios m\u00e9dicos, movilidad y atenci\u00f3n a visitantes, que permiti\u00f3 mantener una celebraci\u00f3n ordenada y con saldo blanco.<\/p>\n<p>&nbsp;<\/p>\n<p>La calidad y diversidad de su cartelera tambi\u00e9n fue determinante para colocar a la Fenapo en el primer lugar nacional ya que, durante 24 d\u00edas, se presentaron artistas de talla mundial y nacional, entre ellos Katy Perry, quien reuni\u00f3 a m\u00e1s de 300 mil personas; M\u00f6tley Cr\u00fce, en una presentaci\u00f3n hist\u00f3rica; Bizarrap, adem\u00e1s de grandes exponentes de la m\u00fasica mexicana. El talento local tuvo igualmente un espacio central con el denominado \u201cPotosinazo\u201d, donde Vag\u00f3n Chicano, Leg\u00edtimo y Grupo Bravoso reunieron a alrededor de 367 mil asistentes en una sola noche.<\/p>\n<p>&nbsp;<\/p>\n<p>El Gobernador Ricardo Gallardo destac\u00f3 que desde el inicio de su administraci\u00f3n se tom\u00f3 la decisi\u00f3n de devolver la Feria a las familias, eliminar barreras econ\u00f3micas y convertirla en una pol\u00edtica p\u00fablica de sano esparcimiento, convivencia y bienestar social. \u201cEsta Feria es de las familias potosinas y hoy demostramos que se pueden tener artistas de talla mundial, diversi\u00f3n, seguridad y espacios dignos sin cargarle el costo a la gente; queremos que nuestras ni\u00f1as y ni\u00f1os crezcan con estos recuerdos y que quienes nos visitan se lleven la mejor imagen de San Luis Potos\u00ed\u201d, expres\u00f3.<\/p>\n<p>&nbsp;<\/p>\n<p>La Fenapo 2026 tambi\u00e9n se convirti\u00f3 en una poderosa plataforma econ\u00f3mica para comerciantes, artesanos, restauranteros, hoteleros, transportistas y prestadores de servicios al generar durante agosto una intensa actividad tur\u00edstica y comercial. El Gobernador reconoci\u00f3 al Patronato, a las corporaciones de seguridad, Protecci\u00f3n Civil, cuerpos de emergencia, personal operativo y dependencias participantes, cuyo trabajo permiti\u00f3 cerrar una edici\u00f3n hist\u00f3rica, familiar y segura, confirmando que San Luis Potos\u00ed cuenta hoy con la feria n\u00famero uno de M\u00e9xico y un modelo nacional de entretenimiento gratuito, incluyente y de alto impacto social.<\/p>\n<p><img fetchpriority=\"high\" decoding=\"async\" class=\"alignnone size-medium wp-image-42651\" src=\"https:\/\/www.latitudsanluis.com\/wp-content\/uploads\/2026\/09\/IMG-20260831-WA0001-300x200.jpg\" alt=\"\" width=\"300\" height=\"200\" srcset=\"https:\/\/www.latitudsanluis.com\/wp-content\/uploads\/2026\/09\/IMG-20260831-WA0001-300x200.jpg 300w, https:\/\/www.latitudsanluis.com\/wp-content\/uploads\/2026\/09\/IMG-20260831-WA0001-1024x683.jpg 1024w, https:\/\/www.latitudsanluis.com\/wp-content\/uploads\/2026\/09\/IMG-20260831-WA0001-768x512.jpg 768w, https:\/\/www.latitudsanluis.com\/wp-content\/uploads\/2026\/09\/IMG-20260831-WA0001.jpg 1280w\" sizes=\"(max-width: 300px) 100vw, 300px\" \/> <img decoding=\"async\" class=\"alignnone size-medium wp-image-42652\" src=\"https:\/\/www.latitudsanluis.com\/wp-content\/uploads\/2026\/09\/IMG-20260831-WA0008-200x300.jpg\" alt=\"\" width=\"200\" height=\"300\" srcset=\"https:\/\/www.latitudsanluis.com\/wp-content\/uploads\/2026\/09\/IMG-20260831-WA0008-200x300.jpg 200w, https:\/\/www.latitudsanluis.com\/wp-content\/uploads\/2026\/09\/IMG-20260831-WA0008-683x1024.jpg 683w, https:\/\/www.latitudsanluis.com\/wp-content\/uploads\/2026\/09\/IMG-20260831-WA0008-768x1151.jpg 768w, https:\/\/www.latitudsanluis.com\/wp-content\/uploads\/2026\/09\/IMG-20260831-WA0008.jpg 854w\" sizes=\"(max-width: 200px) 100vw, 200px\" \/> <img decoding=\"async\" class=\"alignnone size-medium wp-image-42653\" src=\"https:\/\/www.latitudsanluis.com\/wp-content\/uploads\/2026\/09\/IMG-20260831-WA0004-300x200.jpg\" alt=\"\" width=\"300\" height=\"200\" srcset=\"https:\/\/www.latitudsanluis.com\/wp-content\/uploads\/2026\/09\/IMG-20260831-WA0004-300x200.jpg 300w, https:\/\/www.latitudsanluis.com\/wp-content\/uploads\/2026\/09\/IMG-20260831-WA0004-1024x683.jpg 1024w, https:\/\/www.latitudsanluis.com\/wp-content\/uploads\/2026\/09\/IMG-20260831-WA0004-768x512.jpg 768w, https:\/\/www.latitudsanluis.com\/wp-content\/uploads\/2026\/09\/IMG-20260831-WA0004.jpg 1280w\" sizes=\"(max-width: 300px) 100vw, 300px\" \/> <img loading=\"lazy\" decoding=\"async\" class=\"alignnone size-medium wp-image-42654\" src=\"https:\/\/www.latitudsanluis.com\/wp-content\/uploads\/2026\/09\/IMG-20260831-WA0005-300x200.jpg\" alt=\"\" width=\"300\" height=\"200\" srcset=\"https:\/\/www.latitudsanluis.com\/wp-content\/uploads\/2026\/09\/IMG-20260831-WA0005-300x200.jpg 300w, https:\/\/www.latitudsanluis.com\/wp-content\/uploads\/2026\/09\/IMG-20260831-WA0005-1024x683.jpg 1024w, https:\/\/www.latitudsanluis.com\/wp-content\/uploads\/2026\/09\/IMG-20260831-WA0005-768x512.jpg 768w, https:\/\/www.latitudsanluis.com\/wp-content\/uploads\/2026\/09\/IMG-20260831-WA0005.jpg 1280w\" sizes=\"(max-width: 300px) 100vw, 300px\" \/> <img loading=\"lazy\" decoding=\"async\" class=\"alignnone size-medium wp-image-42655\" src=\"https:\/\/www.latitudsanluis.com\/wp-content\/uploads\/2026\/09\/IMG-20260831-WA0007-300x200.jpg\" alt=\"\" width=\"300\" height=\"200\" srcset=\"https:\/\/www.latitudsanluis.com\/wp-content\/uploads\/2026\/09\/IMG-20260831-WA0007-300x200.jpg 300w, https:\/\/www.latitudsanluis.com\/wp-content\/uploads\/2026\/09\/IMG-20260831-WA0007-1024x683.jpg 1024w, https:\/\/www.latitudsanluis.com\/wp-content\/uploads\/2026\/09\/IMG-20260831-WA0007-768x512.jpg 768w, https:\/\/www.latitudsanluis.com\/wp-content\/uploads\/2026\/09\/IMG-20260831-WA0007.jpg 1280w\" sizes=\"(max-width: 300px) 100vw, 300px\" \/><\/p>\n","protected":false},"excerpt":{"rendered":"<p>RICARDO GALLARDO CLAUSURA LA FENAPO 2026, LA N\u00daMERO UNO DE M\u00c9XICO CON M\u00c1S DE 10 MILLONES DE VISITAS &nbsp; * El Gobernador del Estado encabez\u00f3 el cierre de una edici\u00f3n hist\u00f3rica que coloc\u00f3 a San Luis Potos\u00ed como referente nacional por su gratuidad, inclusi\u00f3n, espect\u00e1culos internacionales, impacto econ\u00f3mico y convivencia familiar. &nbsp; El Gobernador del [&hellip;]<\/p>\n","protected":false},"author":8,"featured_media":42655,"comment_status":"closed","ping_status":"open","sticky":false,"template":"","format":"standard","meta":{"footnotes":""},"categories":[44,9],"tags":[1446,342,1447,1389],"class_list":["post-42650","post","type-post","status-publish","format-standard","has-post-thumbnail","hentry","category-fenapo","category-gobierno","tag-fenapo-2026","tag-gobierno-del-estado","tag-los-tigres-del-norte","tag-ricardo-gallardo-cardona"],"_links":{"self":[{"href":"https:\/\/www.latitudsanluis.com\/home\/wp-json\/wp\/v2\/posts\/42650","targetHints":{"allow":["GET"]}}],"collection":[{"href":"https:\/\/www.latitudsanluis.com\/home\/wp-json\/wp\/v2\/posts"}],"about":[{"href":"https:\/\/www.latitudsanluis.com\/home\/wp-json\/wp\/v2\/types\/post"}],"author":[{"embeddable":true,"href":"https:\/\/www.latitudsanluis.com\/home\/wp-json\/wp\/v2\/users\/8"}],"replies":[{"embeddable":true,"href":"https:\/\/www.latitudsanluis.com\/home\/wp-json\/wp\/v2\/comments?post=42650"}],"version-history":[{"count":2,"href":"https:\/\/www.latitudsanluis.com\/home\/wp-json\/wp\/v2\/posts\/42650\/revisions"}],"predecessor-version":[{"id":42657,"href":"https:\/\/www.latitudsanluis.com\/home\/wp-json\/wp\/v2\/posts\/42650\/revisions\/42657"}],"wp:featuredmedia":[{"embeddable":true,"href":"https:\/\/www.latitudsanluis.com\/home\/wp-json\/wp\/v2\/media\/42655"}],"wp:attachment":[{"href":"https:\/\/www.latitudsanluis.com\/home\/wp-json\/wp\/v2\/media?parent=42650"}],"wp:term":[{"taxonomy":"category","embeddable":true,"href":"https:\/\/www.latitudsanluis.com\/home\/wp-json\/wp\/v2\/categories?post=42650"},{"taxonomy":"post_tag","embeddable":true,"href":"https:\/\/www.latitudsanluis.com\/home\/wp-json\/wp\/v2\/tags?post=42650"}],"curies":[{"name":"wp","href":"https:\/\/api.w.org\/{rel}","templated":true}]}}