{"id":42658,"date":"2026-08-31T15:22:53","date_gmt":"2026-08-31T21:22:53","guid":{"rendered":"https:\/\/www.latitudsanluis.com\/home\/?p=42658"},"modified":"2026-09-01T15:23:09","modified_gmt":"2026-09-01T21:23:09","slug":"villa-de-pozos-inaugura-el-nuevo-ciclo-escolar-2026-2027","status":"publish","type":"post","link":"https:\/\/www.latitudsanluis.com\/home\/villa-de-pozos\/villa-de-pozos-inaugura-el-nuevo-ciclo-escolar-2026-2027\/","title":{"rendered":"VILLA DE POZOS INAUGURA EL NUEVO CICLO ESCOLAR 2026-2027"},"content":{"rendered":"<p>VILLA DE POZOS INAUGURA EL NUEVO CICLO ESCOLAR 2026-2027<\/p>\n<p>&nbsp;<\/p>\n<p>-Con la entrega de libros de textos gratuitos a estudiantes y honores a la bandera comenz\u00f3 el nuevo a\u00f1o escolar.<\/p>\n<p>&nbsp;<\/p>\n<p>Entre nuevos rostros, la inquietud por aprender y salones listos, la presidenta concejal de Villa de Pozos, Paty Aradillas Aradillas, inaugur\u00f3 el nuevo ciclo escolar 2026-2027 en la Escuela Primaria \u201cProfr. Librado Rivera\u201d con la presencia de estudiantes, profesores y padres de familia.<\/p>\n<p>&nbsp;<\/p>\n<p>Paty Aradillas dio la bienvenida a nuevo a\u00f1o escolar a 66 escuelas de educaci\u00f3n b\u00e1sica en Villa de Pozos y a m\u00e1s de 18 mil alumnas y alumnos, quienes representan el futuro del municipio.<\/p>\n<p>&nbsp;<\/p>\n<p>Con la entrega simb\u00f3lica de libros de texto gratuito, la Concejal Presidenta les dese\u00f3 a las y los estudiantes que regresan a las aulas que este nuevo ciclo comience con alegr\u00eda, entusiasmo y grandes sue\u00f1os por cumplir en su formaci\u00f3n acad\u00e9mica.<\/p>\n<p>&nbsp;<\/p>\n<p>Por \u00faltimo, les reiter\u00f3 que con el acompa\u00f1amiento y apoyo de sus maestras, maestros y familias, alcancen sus metas y hagan de este ciclo una etapa de crecimiento, logros y nuevas experiencias, adem\u00e1s de contar con el soporte del Gobierno Municipal.<\/p>\n<p><img fetchpriority=\"high\" decoding=\"async\" class=\"alignnone size-medium wp-image-42659\" src=\"https:\/\/www.latitudsanluis.com\/wp-content\/uploads\/2026\/09\/IMG-20260831-WA0023-300x200.jpg\" alt=\"\" width=\"300\" height=\"200\" srcset=\"https:\/\/www.latitudsanluis.com\/wp-content\/uploads\/2026\/09\/IMG-20260831-WA0023-300x200.jpg 300w, https:\/\/www.latitudsanluis.com\/wp-content\/uploads\/2026\/09\/IMG-20260831-WA0023-1024x682.jpg 1024w, https:\/\/www.latitudsanluis.com\/wp-content\/uploads\/2026\/09\/IMG-20260831-WA0023-768x512.jpg 768w, https:\/\/www.latitudsanluis.com\/wp-content\/uploads\/2026\/09\/IMG-20260831-WA0023-1536x1023.jpg 1536w, https:\/\/www.latitudsanluis.com\/wp-content\/uploads\/2026\/09\/IMG-20260831-WA0023.jpg 1600w\" sizes=\"(max-width: 300px) 100vw, 300px\" \/> <img decoding=\"async\" class=\"alignnone size-medium wp-image-42660\" src=\"https:\/\/www.latitudsanluis.com\/wp-content\/uploads\/2026\/09\/IMG-20260831-WA0017-300x200.jpg\" alt=\"\" width=\"300\" height=\"200\" srcset=\"https:\/\/www.latitudsanluis.com\/wp-content\/uploads\/2026\/09\/IMG-20260831-WA0017-300x200.jpg 300w, https:\/\/www.latitudsanluis.com\/wp-content\/uploads\/2026\/09\/IMG-20260831-WA0017-1024x682.jpg 1024w, https:\/\/www.latitudsanluis.com\/wp-content\/uploads\/2026\/09\/IMG-20260831-WA0017-768x512.jpg 768w, https:\/\/www.latitudsanluis.com\/wp-content\/uploads\/2026\/09\/IMG-20260831-WA0017-1536x1023.jpg 1536w, https:\/\/www.latitudsanluis.com\/wp-content\/uploads\/2026\/09\/IMG-20260831-WA0017.jpg 1600w\" sizes=\"(max-width: 300px) 100vw, 300px\" \/> <img decoding=\"async\" class=\"alignnone size-medium wp-image-42661\" src=\"https:\/\/www.latitudsanluis.com\/wp-content\/uploads\/2026\/09\/IMG-20260831-WA0011-300x200.jpg\" alt=\"\" width=\"300\" height=\"200\" srcset=\"https:\/\/www.latitudsanluis.com\/wp-content\/uploads\/2026\/09\/IMG-20260831-WA0011-300x200.jpg 300w, https:\/\/www.latitudsanluis.com\/wp-content\/uploads\/2026\/09\/IMG-20260831-WA0011-1024x682.jpg 1024w, https:\/\/www.latitudsanluis.com\/wp-content\/uploads\/2026\/09\/IMG-20260831-WA0011-768x512.jpg 768w, https:\/\/www.latitudsanluis.com\/wp-content\/uploads\/2026\/09\/IMG-20260831-WA0011-1536x1023.jpg 1536w, https:\/\/www.latitudsanluis.com\/wp-content\/uploads\/2026\/09\/IMG-20260831-WA0011.jpg 1600w\" sizes=\"(max-width: 300px) 100vw, 300px\" \/> <img loading=\"lazy\" decoding=\"async\" class=\"alignnone size-medium wp-image-42662\" src=\"https:\/\/www.latitudsanluis.com\/wp-content\/uploads\/2026\/09\/IMG-20260831-WA0022-300x200.jpg\" alt=\"\" width=\"300\" height=\"200\" srcset=\"https:\/\/www.latitudsanluis.com\/wp-content\/uploads\/2026\/09\/IMG-20260831-WA0022-300x200.jpg 300w, https:\/\/www.latitudsanluis.com\/wp-content\/uploads\/2026\/09\/IMG-20260831-WA0022-1024x683.jpg 1024w, https:\/\/www.latitudsanluis.com\/wp-content\/uploads\/2026\/09\/IMG-20260831-WA0022-768x512.jpg 768w, https:\/\/www.latitudsanluis.com\/wp-content\/uploads\/2026\/09\/IMG-20260831-WA0022-1536x1024.jpg 1536w, https:\/\/www.latitudsanluis.com\/wp-content\/uploads\/2026\/09\/IMG-20260831-WA0022-2048x1366.jpg 2048w\" sizes=\"(max-width: 300px) 100vw, 300px\" \/><\/p>\n","protected":false},"excerpt":{"rendered":"<p>VILLA DE POZOS INAUGURA EL NUEVO CICLO ESCOLAR 2026-2027 &nbsp; -Con la entrega de libros de textos gratuitos a estudiantes y honores a la bandera comenz\u00f3 el nuevo a\u00f1o escolar. &nbsp; Entre nuevos rostros, la inquietud por aprender y salones listos, la presidenta concejal de Villa de Pozos, Paty Aradillas Aradillas, inaugur\u00f3 el nuevo ciclo [&hellip;]<\/p>\n","protected":false},"author":8,"featured_media":42661,"comment_status":"closed","ping_status":"open","sticky":false,"template":"","format":"standard","meta":{"footnotes":""},"categories":[1361],"tags":[1390,669],"class_list":["post-42658","post","type-post","status-publish","format-standard","has-post-thumbnail","hentry","category-villa-de-pozos","tag-martha-patricia-aradillas","tag-municipio-de-villa-de-pozos"],"_links":{"self":[{"href":"https:\/\/www.latitudsanluis.com\/home\/wp-json\/wp\/v2\/posts\/42658","targetHints":{"allow":["GET"]}}],"collection":[{"href":"https:\/\/www.latitudsanluis.com\/home\/wp-json\/wp\/v2\/posts"}],"about":[{"href":"https:\/\/www.latitudsanluis.com\/home\/wp-json\/wp\/v2\/types\/post"}],"author":[{"embeddable":true,"href":"https:\/\/www.latitudsanluis.com\/home\/wp-json\/wp\/v2\/users\/8"}],"replies":[{"embeddable":true,"href":"https:\/\/www.latitudsanluis.com\/home\/wp-json\/wp\/v2\/comments?post=42658"}],"version-history":[{"count":1,"href":"https:\/\/www.latitudsanluis.com\/home\/wp-json\/wp\/v2\/posts\/42658\/revisions"}],"predecessor-version":[{"id":42663,"href":"https:\/\/www.latitudsanluis.com\/home\/wp-json\/wp\/v2\/posts\/42658\/revisions\/42663"}],"wp:featuredmedia":[{"embeddable":true,"href":"https:\/\/www.latitudsanluis.com\/home\/wp-json\/wp\/v2\/media\/42661"}],"wp:attachment":[{"href":"https:\/\/www.latitudsanluis.com\/home\/wp-json\/wp\/v2\/media?parent=42658"}],"wp:term":[{"taxonomy":"category","embeddable":true,"href":"https:\/\/www.latitudsanluis.com\/home\/wp-json\/wp\/v2\/categories?post=42658"},{"taxonomy":"post_tag","embeddable":true,"href":"https:\/\/www.latitudsanluis.com\/home\/wp-json\/wp\/v2\/tags?post=42658"}],"curies":[{"name":"wp","href":"https:\/\/api.w.org\/{rel}","templated":true}]}}