{"id":42664,"date":"2026-08-31T15:26:05","date_gmt":"2026-08-31T21:26:05","guid":{"rendered":"https:\/\/www.latitudsanluis.com\/home\/?p=42664"},"modified":"2026-09-01T15:26:20","modified_gmt":"2026-09-01T21:26:20","slug":"juan-manuel-navarro-entrega-magna-infraestructura-educativa-y-da-la-bienvenida-al-nuevo-ciclo-escolar","status":"publish","type":"post","link":"https:\/\/www.latitudsanluis.com\/home\/soledad\/juan-manuel-navarro-entrega-magna-infraestructura-educativa-y-da-la-bienvenida-al-nuevo-ciclo-escolar\/","title":{"rendered":"JUAN MANUEL NAVARRO ENTREGA MAGNA INFRAESTRUCTURA EDUCATIVA Y DA LA BIENVENIDA AL NUEVO CICLO ESCOLAR\u00a0"},"content":{"rendered":"<p>JUAN MANUEL NAVARRO ENTREGA MAGNA INFRAESTRUCTURA EDUCATIVA Y DA LA BIENVENIDA AL NUEVO CICLO ESCOLAR<\/p>\n<p>&nbsp;<\/p>\n<p>&#8211; Inaugur\u00f3 la construcci\u00f3n de seis salones, sanitarios, fachada principal y obras de rehabilitaci\u00f3n en tres instituciones de la Cabecera municipal.<\/p>\n<p>&nbsp;<\/p>\n<p>&#8211; La obra ejecutada con m\u00e1s de 13 millones de pesos, en conjunto con Gobierno del Estado, beneficia a m\u00e1s de 1,500 alumnos de educaci\u00f3n b\u00e1sica.<\/p>\n<p>&nbsp;<\/p>\n<p>Ante un gran entusiasmo escolar, el Alcalde, Juan Manuel Navarro Mu\u00f1iz encabez\u00f3 la bienvenida al ciclo escolar 2026-2027 e inaugur\u00f3 magnas obras de infraestructura educativa realizadas en el Kinder \u00abMar\u00eda de la Luz Wong\u00bb, la Primaria \u00abFrancisco Murgu\u00eda\u00bb y la Secundaria \u00abFilomeno Mata\u00bb, en la cabecera municipal de Soledad de Graciano S\u00e1nchez; acciones cuyo prop\u00f3sito es modernizar escuelas y asegurar una educaci\u00f3n de calidad y sin l\u00edmites para la ni\u00f1ez y juventud, en colaboraci\u00f3n con el Gobierno del Estado.<\/p>\n<p>&nbsp;<\/p>\n<p>Durante el evento, el presidente municipal destac\u00f3 que esta intervenci\u00f3n representa un paso firme en el compromiso de su gobierno por fortalecer los espacios de aprendizaje y garantizar condiciones dignas para las ni\u00f1as, ni\u00f1os y j\u00f3venes del municipio: \u00abyo siempre he sido un partidario de que las escuelas deben tener las mejores condiciones, porque es donde pasan 5 o 6 horas al d\u00eda; hoy, nuestro reconocimiento es al Gobernador, Ricardo Gallardo Cardona, porque siempre respalda estos esfuerzos de mejora educativa en Soledad\u00bb.<\/p>\n<p>&nbsp;<\/p>\n<p>A\u00f1adi\u00f3 que Gallardo Cardona ha sido un eje fundamental en el cambio hist\u00f3rico de la educaci\u00f3n b\u00e1sica y medio superior en todo el municipio, y adelant\u00f3 que esta misma semana, habr\u00e1 m\u00e1s arranques de nueva infraestructura en m\u00e1s planteles, como es el Jard\u00edn de Ni\u00f1os \u00abRosaura Zapata Cano\u00bb y la secundaria en Valle de la Palma. \u00abCon una inversi\u00f3n de m\u00e1s de 13 millones de pesos del Gobierno del Estado, nos enorgullecemos en inaugurar estas nuevas instalaciones para beneficio de m\u00e1s de mil 500 alumnos y alumnas\u00bb, dijo.<\/p>\n<p>&nbsp;<\/p>\n<p>Detall\u00f3 que en la Primaria \u00abFrancisco Murgu\u00eda\u00bb y la Secundaria \u00abFilomeno Mata\u00bb se construyeron seis aulas did\u00e1cticas, m\u00f3dulos sanitarios, un acceso principal, se sustituyeron tableros de b\u00e1squetbol, se renov\u00f3 el firme de concreto en la explanada, se aplic\u00f3 pintura en la estructura del techado y se rehabilit\u00f3 la pintura de aulas existentes. En el Kinder \u00abMar\u00eda de la Luz Wong\u00bb se realizaron trabajos de impermeabilizaci\u00f3n, cambio de luminarias, rehabilitaci\u00f3n de pintura y sustituci\u00f3n de firme de concreto en \u00e1reas exteriores.<\/p>\n<p>&nbsp;<\/p>\n<p>Por su parte, el titular del Sistema Educativo Estatal Regular (SEER), Mart\u00edn Rodr\u00edguez Ram\u00edrez refrend\u00f3 el compromiso de colaboraci\u00f3n con el Alcalde, y reconoci\u00f3 todo el apoyo que ha recibido el sector educativo por parte del Gobierno Estatal; dijo que las directivas de diversas instituciones soledenses -presentes en la ceremonia- respaldan y celebran el avance en mejoras de planteles de la zona urbana y rural, lo que representa mayores oportunidades de futuro para las y los ni\u00f1os y j\u00f3venes del municipio.<\/p>\n<p>&nbsp;<\/p>\n<p>La directora de la escuela \u00abFrancisco Murgu\u00eda\u00bb, Mar\u00eda del Refugio Trevi\u00f1o resalt\u00f3 las mejoras materiales que recibi\u00f3 la instituci\u00f3n, mismas que ahora las y los cientos de estudiantes podr\u00e1n aprovechar para su aprendizaje y desarrollo acad\u00e9mico, mencionando que esta escuela est\u00e1 a punto de cumplir 75 a\u00f1os desde su fundaci\u00f3n, y desde entonces, se ha plasmado el fervor y el j\u00fabilo de preparar a la ni\u00f1ez soledense para su vida: \u00abcuando se los esfuerzos se dividen, los resultados se multiplican\u00bb, mencion\u00f3 al agradecer el apoyo al Alcalde, Juan Manuel Navarro.<\/p>\n<p>&nbsp;<\/p>\n<p>Despu\u00e9s, el Alcalde y autoridades que lo acompa\u00f1aron, develaron la placa conmemorativa que da testimonio de la construcci\u00f3n de las seis aulas y cortaron el list\u00f3n inaugural en la entrada principal, donde se edific\u00f3 una fachada completamente distinta y armoniosa para toda la comunidad estudiantil. Por \u00faltimo, envi\u00f3 un saludo de buenos deseos a toda la comunidad estudiantil al inicio del nuevo ciclo escolar, reconociendo el esfuerzo de las y los docentes por su dedicaci\u00f3n y vocaci\u00f3n, as\u00ed como el compromiso de madres y padres de familia que acompa\u00f1an el crecimiento acad\u00e9mico de sus hijos.<\/p>\n<p><img fetchpriority=\"high\" decoding=\"async\" class=\"alignnone size-medium wp-image-42665\" src=\"https:\/\/www.latitudsanluis.com\/wp-content\/uploads\/2026\/09\/IMG-20260831-WA0029-300x200.jpg\" alt=\"\" width=\"300\" height=\"200\" srcset=\"https:\/\/www.latitudsanluis.com\/wp-content\/uploads\/2026\/09\/IMG-20260831-WA0029-300x200.jpg 300w, https:\/\/www.latitudsanluis.com\/wp-content\/uploads\/2026\/09\/IMG-20260831-WA0029-1024x682.jpg 1024w, https:\/\/www.latitudsanluis.com\/wp-content\/uploads\/2026\/09\/IMG-20260831-WA0029-768x512.jpg 768w, https:\/\/www.latitudsanluis.com\/wp-content\/uploads\/2026\/09\/IMG-20260831-WA0029-1536x1023.jpg 1536w, https:\/\/www.latitudsanluis.com\/wp-content\/uploads\/2026\/09\/IMG-20260831-WA0029.jpg 1600w\" sizes=\"(max-width: 300px) 100vw, 300px\" \/> <img decoding=\"async\" class=\"alignnone size-medium wp-image-42666\" src=\"https:\/\/www.latitudsanluis.com\/wp-content\/uploads\/2026\/09\/IMG-20260831-WA0026-300x200.jpg\" alt=\"\" width=\"300\" height=\"200\" srcset=\"https:\/\/www.latitudsanluis.com\/wp-content\/uploads\/2026\/09\/IMG-20260831-WA0026-300x200.jpg 300w, https:\/\/www.latitudsanluis.com\/wp-content\/uploads\/2026\/09\/IMG-20260831-WA0026-1024x682.jpg 1024w, https:\/\/www.latitudsanluis.com\/wp-content\/uploads\/2026\/09\/IMG-20260831-WA0026-768x512.jpg 768w, https:\/\/www.latitudsanluis.com\/wp-content\/uploads\/2026\/09\/IMG-20260831-WA0026-1536x1024.jpg 1536w, https:\/\/www.latitudsanluis.com\/wp-content\/uploads\/2026\/09\/IMG-20260831-WA0026-2048x1365.jpg 2048w\" sizes=\"(max-width: 300px) 100vw, 300px\" \/> <img decoding=\"async\" class=\"alignnone size-medium wp-image-42667\" src=\"https:\/\/www.latitudsanluis.com\/wp-content\/uploads\/2026\/09\/IMG-20260831-WA0044-300x200.jpg\" alt=\"\" width=\"300\" height=\"200\" srcset=\"https:\/\/www.latitudsanluis.com\/wp-content\/uploads\/2026\/09\/IMG-20260831-WA0044-300x200.jpg 300w, https:\/\/www.latitudsanluis.com\/wp-content\/uploads\/2026\/09\/IMG-20260831-WA0044-1024x682.jpg 1024w, https:\/\/www.latitudsanluis.com\/wp-content\/uploads\/2026\/09\/IMG-20260831-WA0044-768x511.jpg 768w, https:\/\/www.latitudsanluis.com\/wp-content\/uploads\/2026\/09\/IMG-20260831-WA0044.jpg 1280w\" sizes=\"(max-width: 300px) 100vw, 300px\" \/> <img loading=\"lazy\" decoding=\"async\" class=\"alignnone size-medium wp-image-42668\" src=\"https:\/\/www.latitudsanluis.com\/wp-content\/uploads\/2026\/09\/IMG-20260831-WA0047-300x200.jpg\" alt=\"\" width=\"300\" height=\"200\" srcset=\"https:\/\/www.latitudsanluis.com\/wp-content\/uploads\/2026\/09\/IMG-20260831-WA0047-300x200.jpg 300w, https:\/\/www.latitudsanluis.com\/wp-content\/uploads\/2026\/09\/IMG-20260831-WA0047-1024x682.jpg 1024w, https:\/\/www.latitudsanluis.com\/wp-content\/uploads\/2026\/09\/IMG-20260831-WA0047-768x512.jpg 768w, https:\/\/www.latitudsanluis.com\/wp-content\/uploads\/2026\/09\/IMG-20260831-WA0047-1536x1024.jpg 1536w, https:\/\/www.latitudsanluis.com\/wp-content\/uploads\/2026\/09\/IMG-20260831-WA0047-2048x1365.jpg 2048w\" sizes=\"(max-width: 300px) 100vw, 300px\" \/> <img loading=\"lazy\" decoding=\"async\" class=\"alignnone size-medium wp-image-42669\" src=\"https:\/\/www.latitudsanluis.com\/wp-content\/uploads\/2026\/09\/IMG-20260831-WA0032-300x200.jpg\" alt=\"\" width=\"300\" height=\"200\" srcset=\"https:\/\/www.latitudsanluis.com\/wp-content\/uploads\/2026\/09\/IMG-20260831-WA0032-300x200.jpg 300w, https:\/\/www.latitudsanluis.com\/wp-content\/uploads\/2026\/09\/IMG-20260831-WA0032-1024x682.jpg 1024w, https:\/\/www.latitudsanluis.com\/wp-content\/uploads\/2026\/09\/IMG-20260831-WA0032-768x512.jpg 768w, https:\/\/www.latitudsanluis.com\/wp-content\/uploads\/2026\/09\/IMG-20260831-WA0032-1536x1023.jpg 1536w, https:\/\/www.latitudsanluis.com\/wp-content\/uploads\/2026\/09\/IMG-20260831-WA0032.jpg 1600w\" sizes=\"(max-width: 300px) 100vw, 300px\" \/> <img loading=\"lazy\" decoding=\"async\" class=\"alignnone size-medium wp-image-42670\" src=\"https:\/\/www.latitudsanluis.com\/wp-content\/uploads\/2026\/09\/IMG-20260831-WA0039-300x200.jpg\" alt=\"\" width=\"300\" height=\"200\" srcset=\"https:\/\/www.latitudsanluis.com\/wp-content\/uploads\/2026\/09\/IMG-20260831-WA0039-300x200.jpg 300w, https:\/\/www.latitudsanluis.com\/wp-content\/uploads\/2026\/09\/IMG-20260831-WA0039-1024x682.jpg 1024w, https:\/\/www.latitudsanluis.com\/wp-content\/uploads\/2026\/09\/IMG-20260831-WA0039-768x512.jpg 768w, https:\/\/www.latitudsanluis.com\/wp-content\/uploads\/2026\/09\/IMG-20260831-WA0039.jpg 1280w\" sizes=\"(max-width: 300px) 100vw, 300px\" \/><\/p>\n","protected":false},"excerpt":{"rendered":"<p>JUAN MANUEL NAVARRO ENTREGA MAGNA INFRAESTRUCTURA EDUCATIVA Y DA LA BIENVENIDA AL NUEVO CICLO ESCOLAR &nbsp; &#8211; Inaugur\u00f3 la construcci\u00f3n de seis salones, sanitarios, fachada principal y obras de rehabilitaci\u00f3n en tres instituciones de la Cabecera municipal. &nbsp; &#8211; La obra ejecutada con m\u00e1s de 13 millones de pesos, en conjunto con Gobierno del Estado, [&hellip;]<\/p>\n","protected":false},"author":8,"featured_media":42668,"comment_status":"closed","ping_status":"open","sticky":false,"template":"","format":"standard","meta":{"footnotes":""},"categories":[1191,28],"tags":[384,1431,606],"class_list":["post-42664","post","type-post","status-publish","format-standard","has-post-thumbnail","hentry","category-seer","category-soledad","tag-juan-manuel-navarro","tag-municipio-de-soledad","tag-seer"],"_links":{"self":[{"href":"https:\/\/www.latitudsanluis.com\/home\/wp-json\/wp\/v2\/posts\/42664","targetHints":{"allow":["GET"]}}],"collection":[{"href":"https:\/\/www.latitudsanluis.com\/home\/wp-json\/wp\/v2\/posts"}],"about":[{"href":"https:\/\/www.latitudsanluis.com\/home\/wp-json\/wp\/v2\/types\/post"}],"author":[{"embeddable":true,"href":"https:\/\/www.latitudsanluis.com\/home\/wp-json\/wp\/v2\/users\/8"}],"replies":[{"embeddable":true,"href":"https:\/\/www.latitudsanluis.com\/home\/wp-json\/wp\/v2\/comments?post=42664"}],"version-history":[{"count":1,"href":"https:\/\/www.latitudsanluis.com\/home\/wp-json\/wp\/v2\/posts\/42664\/revisions"}],"predecessor-version":[{"id":42671,"href":"https:\/\/www.latitudsanluis.com\/home\/wp-json\/wp\/v2\/posts\/42664\/revisions\/42671"}],"wp:featuredmedia":[{"embeddable":true,"href":"https:\/\/www.latitudsanluis.com\/home\/wp-json\/wp\/v2\/media\/42668"}],"wp:attachment":[{"href":"https:\/\/www.latitudsanluis.com\/home\/wp-json\/wp\/v2\/media?parent=42664"}],"wp:term":[{"taxonomy":"category","embeddable":true,"href":"https:\/\/www.latitudsanluis.com\/home\/wp-json\/wp\/v2\/categories?post=42664"},{"taxonomy":"post_tag","embeddable":true,"href":"https:\/\/www.latitudsanluis.com\/home\/wp-json\/wp\/v2\/tags?post=42664"}],"curies":[{"name":"wp","href":"https:\/\/api.w.org\/{rel}","templated":true}]}}