{"id":42679,"date":"2026-09-01T15:42:39","date_gmt":"2026-09-01T21:42:39","guid":{"rendered":"https:\/\/www.latitudsanluis.com\/home\/?p=42679"},"modified":"2026-09-01T15:42:39","modified_gmt":"2026-09-01T21:42:39","slug":"juan-manuel-navarro-inaugura-la-construccion-de-3-aulas-en-jardin-de-ninos-maria-rosaura-zapata-cano","status":"publish","type":"post","link":"https:\/\/www.latitudsanluis.com\/home\/soledad\/juan-manuel-navarro-inaugura-la-construccion-de-3-aulas-en-jardin-de-ninos-maria-rosaura-zapata-cano\/","title":{"rendered":"JUAN MANUEL NAVARRO INAUGURA LA CONSTRUCCI\u00d3N DE 3 AULAS EN JARD\u00cdN DE NI\u00d1OS \u00abMAR\u00cdA ROSAURA ZAPATA CANO\u00bb\u00a0"},"content":{"rendered":"<p>JUAN MANUEL NAVARRO INAUGURA LA CONSTRUCCI\u00d3N DE 3 AULAS EN JARD\u00cdN DE NI\u00d1OS \u00abMAR\u00cdA ROSAURA ZAPATA CANO\u00bb<\/p>\n<p>&nbsp;<\/p>\n<p>&#8211; El edil devel\u00f3 la placa conmemorativa de esta nueva obra educativa en el plantel municipal, acompa\u00f1ado de personal docente y decenas de peque\u00f1os y peque\u00f1as, en el marco del inicio del nuevo ciclo escolar.<\/p>\n<p>&nbsp;<\/p>\n<p>&#8211; La nueva infraestructura escolar se realiz\u00f3 con una inversi\u00f3n estatal y municipal de 4.2 millones de pesos, aproximadamente.<\/p>\n<p>&nbsp;<\/p>\n<p>El Alcalde de Soledad de Graciano S\u00e1nchez, Juan Manuel Navarro Mu\u00f1iz cort\u00f3 el list\u00f3n inaugural y devel\u00f3 la placa conmemorativa de la construcci\u00f3n de tres aulas did\u00e1cticas en el Jard\u00edn de Ni\u00f1os Municipal \u00abMar\u00eda Rosaura Zapata Cano\u00bb, obra que represent\u00f3 el arranque oficial del nuevo ciclo escolar para m\u00e1s de 150 ni\u00f1os y ni\u00f1as que reciben educaci\u00f3n preescolar en este plantel; la entrega de esta ampliaci\u00f3n f\u00edsica representa el compromiso de los Gobiernos Estatal y Municipal con la educaci\u00f3n digna, espacios escolares adecuados y el ofrecimiento de m\u00e1s oportunidades para la ni\u00f1ez soledense.<\/p>\n<p>&nbsp;<\/p>\n<p>Con una inversi\u00f3n aproximada de 4.2 millones de ambos gobiernos, el edil destac\u00f3 que esta obra representa un avance significativo en la construcci\u00f3n de una educaci\u00f3n sin l\u00edmites en Soledad, reafirmando la visi\u00f3n de trabajo y cercan\u00eda con el sector educativo mediante la modernizaci\u00f3n de los espacios de aprendizaje. Reconoci\u00f3 el respaldo del Gobernador Ricardo Gallardo Cardona, con quien se ha conformado un equipo que trabaja de manera coordinada para transformar la infraestructura educativa del municipio, demostrando que cuando Estado y Municipio se unen, los resultados se reflejan directamente en cada plantel.<\/p>\n<p>&nbsp;<\/p>\n<p>Asimismo, Navarro Mu\u00f1iz agradeci\u00f3 la labor de la presidenta del Sistema DIF Municipal, Maria del Pilar Cardona Reyna, gestora de esta nueva infraestructura, y reconoci\u00f3 su dedicaci\u00f3n a la transformaci\u00f3n y el cambio en materia educativa, manifestando que ya se analiza la construcci\u00f3n de una tercera estancia infantil \u00abCapullito 3\u00bb en la zona oriente, adem\u00e1s de una escuela primaria municipal, para ampliar la atenci\u00f3n escolar en el municipio.<\/p>\n<p>&nbsp;<\/p>\n<p>La titular de Infraestructura Municipal, Leticia Vargas Tinajero inform\u00f3 a las y los padres de familia y docentes presentes, que la obra inaugurada se ejecut\u00f3 en una superficie de mil 700 metros cuadrados, se construyeron tres aulas did\u00e1cticas, un acceso secundario, firme de concreto y una barda perimetral que brinda mayor seguridad y orden al entorno escolar.<\/p>\n<p>&nbsp;<\/p>\n<p>&nbsp;<\/p>\n<p>Resalt\u00f3 tambi\u00e9n que las obras se ejecutaron en poco m\u00e1s de dos meses, un tiempo r\u00e9cord que permiti\u00f3 entregar el plantel completamente listo para el inicio del ciclo escolar, ya que el objetivo era claro: que las ni\u00f1as y los ni\u00f1os regresaran a clases en espacios nuevos, funcionales y que inspiren su crecimiento acad\u00e9mico y personal, cumpliendo as\u00ed con el compromiso de ofrecer educaci\u00f3n de calidad en Soledad.<\/p>\n<p>&nbsp;<\/p>\n<p>El peque\u00f1o estudiante, Gustavo dio un mensaje de agradecimiento al edil Navarro Mu\u00f1iz, a nombre de todos sus compa\u00f1eros y compa\u00f1eras, expresando su felicidad por estrenar aulas, mobiliario y equipamiento moderno.<\/p>\n<p>&nbsp;<\/p>\n<p>Con obras como esta, el Ayuntamiento de Soledad reafirma el cambio permanente y damiestra de que cuando se trabaja con visi\u00f3n, constancia y cercan\u00eda a la gente, los resultados son inmediatos y de alto impacto social.<\/p>\n<p><img fetchpriority=\"high\" decoding=\"async\" class=\"alignnone size-medium wp-image-42680\" src=\"https:\/\/www.latitudsanluis.com\/wp-content\/uploads\/2026\/09\/IMG-20260901-WA0017-300x200.jpg\" alt=\"\" width=\"300\" height=\"200\" srcset=\"https:\/\/www.latitudsanluis.com\/wp-content\/uploads\/2026\/09\/IMG-20260901-WA0017-300x200.jpg 300w, https:\/\/www.latitudsanluis.com\/wp-content\/uploads\/2026\/09\/IMG-20260901-WA0017-1024x682.jpg 1024w, https:\/\/www.latitudsanluis.com\/wp-content\/uploads\/2026\/09\/IMG-20260901-WA0017-768x512.jpg 768w, https:\/\/www.latitudsanluis.com\/wp-content\/uploads\/2026\/09\/IMG-20260901-WA0017.jpg 1280w\" sizes=\"(max-width: 300px) 100vw, 300px\" \/> <img decoding=\"async\" class=\"alignnone size-medium wp-image-42681\" src=\"https:\/\/www.latitudsanluis.com\/wp-content\/uploads\/2026\/09\/IMG-20260901-WA0026-300x200.jpg\" alt=\"\" width=\"300\" height=\"200\" srcset=\"https:\/\/www.latitudsanluis.com\/wp-content\/uploads\/2026\/09\/IMG-20260901-WA0026-300x200.jpg 300w, https:\/\/www.latitudsanluis.com\/wp-content\/uploads\/2026\/09\/IMG-20260901-WA0026-1024x682.jpg 1024w, https:\/\/www.latitudsanluis.com\/wp-content\/uploads\/2026\/09\/IMG-20260901-WA0026-768x512.jpg 768w, https:\/\/www.latitudsanluis.com\/wp-content\/uploads\/2026\/09\/IMG-20260901-WA0026.jpg 1280w\" sizes=\"(max-width: 300px) 100vw, 300px\" \/> <img decoding=\"async\" class=\"alignnone size-medium wp-image-42682\" src=\"https:\/\/www.latitudsanluis.com\/wp-content\/uploads\/2026\/09\/IMG-20260901-WA0020-300x200.jpg\" alt=\"\" width=\"300\" height=\"200\" srcset=\"https:\/\/www.latitudsanluis.com\/wp-content\/uploads\/2026\/09\/IMG-20260901-WA0020-300x200.jpg 300w, https:\/\/www.latitudsanluis.com\/wp-content\/uploads\/2026\/09\/IMG-20260901-WA0020-1024x682.jpg 1024w, https:\/\/www.latitudsanluis.com\/wp-content\/uploads\/2026\/09\/IMG-20260901-WA0020-768x512.jpg 768w, https:\/\/www.latitudsanluis.com\/wp-content\/uploads\/2026\/09\/IMG-20260901-WA0020.jpg 1280w\" sizes=\"(max-width: 300px) 100vw, 300px\" \/> <img loading=\"lazy\" decoding=\"async\" class=\"alignnone size-medium wp-image-42683\" src=\"https:\/\/www.latitudsanluis.com\/wp-content\/uploads\/2026\/09\/IMG-20260901-WA0030-300x200.jpg\" alt=\"\" width=\"300\" height=\"200\" srcset=\"https:\/\/www.latitudsanluis.com\/wp-content\/uploads\/2026\/09\/IMG-20260901-WA0030-300x200.jpg 300w, https:\/\/www.latitudsanluis.com\/wp-content\/uploads\/2026\/09\/IMG-20260901-WA0030-1024x682.jpg 1024w, https:\/\/www.latitudsanluis.com\/wp-content\/uploads\/2026\/09\/IMG-20260901-WA0030-768x512.jpg 768w, https:\/\/www.latitudsanluis.com\/wp-content\/uploads\/2026\/09\/IMG-20260901-WA0030.jpg 1280w\" sizes=\"(max-width: 300px) 100vw, 300px\" \/> <img loading=\"lazy\" decoding=\"async\" class=\"alignnone size-medium wp-image-42684\" src=\"https:\/\/www.latitudsanluis.com\/wp-content\/uploads\/2026\/09\/IMG-20260901-WA0016-300x200.jpg\" alt=\"\" width=\"300\" height=\"200\" srcset=\"https:\/\/www.latitudsanluis.com\/wp-content\/uploads\/2026\/09\/IMG-20260901-WA0016-300x200.jpg 300w, https:\/\/www.latitudsanluis.com\/wp-content\/uploads\/2026\/09\/IMG-20260901-WA0016-1024x682.jpg 1024w, https:\/\/www.latitudsanluis.com\/wp-content\/uploads\/2026\/09\/IMG-20260901-WA0016-768x512.jpg 768w, https:\/\/www.latitudsanluis.com\/wp-content\/uploads\/2026\/09\/IMG-20260901-WA0016.jpg 1280w\" sizes=\"(max-width: 300px) 100vw, 300px\" \/><\/p>\n","protected":false},"excerpt":{"rendered":"<p>JUAN MANUEL NAVARRO INAUGURA LA CONSTRUCCI\u00d3N DE 3 AULAS EN JARD\u00cdN DE NI\u00d1OS \u00abMAR\u00cdA ROSAURA ZAPATA CANO\u00bb &nbsp; &#8211; El edil devel\u00f3 la placa conmemorativa de esta nueva obra educativa en el plantel municipal, acompa\u00f1ado de personal docente y decenas de peque\u00f1os y peque\u00f1as, en el marco del inicio del nuevo ciclo escolar. &nbsp; &#8211; [&hellip;]<\/p>\n","protected":false},"author":8,"featured_media":42680,"comment_status":"closed","ping_status":"open","sticky":false,"template":"","format":"standard","meta":{"footnotes":""},"categories":[123,28],"tags":[14,384,591],"class_list":["post-42679","post","type-post","status-publish","format-standard","has-post-thumbnail","hentry","category-educacion","category-soledad","tag-gobierno","tag-juan-manuel-navarro","tag-municipio-de-soledad-de-graciano-sanchez"],"_links":{"self":[{"href":"https:\/\/www.latitudsanluis.com\/home\/wp-json\/wp\/v2\/posts\/42679","targetHints":{"allow":["GET"]}}],"collection":[{"href":"https:\/\/www.latitudsanluis.com\/home\/wp-json\/wp\/v2\/posts"}],"about":[{"href":"https:\/\/www.latitudsanluis.com\/home\/wp-json\/wp\/v2\/types\/post"}],"author":[{"embeddable":true,"href":"https:\/\/www.latitudsanluis.com\/home\/wp-json\/wp\/v2\/users\/8"}],"replies":[{"embeddable":true,"href":"https:\/\/www.latitudsanluis.com\/home\/wp-json\/wp\/v2\/comments?post=42679"}],"version-history":[{"count":1,"href":"https:\/\/www.latitudsanluis.com\/home\/wp-json\/wp\/v2\/posts\/42679\/revisions"}],"predecessor-version":[{"id":42685,"href":"https:\/\/www.latitudsanluis.com\/home\/wp-json\/wp\/v2\/posts\/42679\/revisions\/42685"}],"wp:featuredmedia":[{"embeddable":true,"href":"https:\/\/www.latitudsanluis.com\/home\/wp-json\/wp\/v2\/media\/42680"}],"wp:attachment":[{"href":"https:\/\/www.latitudsanluis.com\/home\/wp-json\/wp\/v2\/media?parent=42679"}],"wp:term":[{"taxonomy":"category","embeddable":true,"href":"https:\/\/www.latitudsanluis.com\/home\/wp-json\/wp\/v2\/categories?post=42679"},{"taxonomy":"post_tag","embeddable":true,"href":"https:\/\/www.latitudsanluis.com\/home\/wp-json\/wp\/v2\/tags?post=42679"}],"curies":[{"name":"wp","href":"https:\/\/api.w.org\/{rel}","templated":true}]}}