{"id":42686,"date":"2026-09-01T15:44:37","date_gmt":"2026-09-01T21:44:37","guid":{"rendered":"https:\/\/www.latitudsanluis.com\/home\/?p=42686"},"modified":"2026-09-01T15:44:37","modified_gmt":"2026-09-01T21:44:37","slug":"garantiza-pozos-salario-digno-a-sus-policias","status":"publish","type":"post","link":"https:\/\/www.latitudsanluis.com\/home\/villa-de-pozos\/garantiza-pozos-salario-digno-a-sus-policias\/","title":{"rendered":"GARANTIZA POZOS SALARIO DIGNO A SUS POLIC\u00cdAS"},"content":{"rendered":"<p>GARANTIZA POZOS SALARIO DIGNO A SUS POLIC\u00cdAS<\/p>\n<p>&nbsp;<\/p>\n<p>&#8211; La administraci\u00f3n municipal cumple con lo requerido para los elementos de seguridad y mantiene la contrataci\u00f3n y preparaci\u00f3n de nuevos polic\u00edas para fortalecer a la Guardia Civil Municipal.<\/p>\n<p>&nbsp;<\/p>\n<p>Ante la fecha l\u00edmite establecida para que los municipios homologuen los salarios de sus polic\u00edas, este 31 de agosto, la presidenta concejal Paty Aradillas Aradillas, se\u00f1al\u00f3 que el Gobierno Municipal de Villa de Pozos ha cumplido en todo momento con el decreto establecido en la legislaci\u00f3n del Estado.<\/p>\n<p>&nbsp;<\/p>\n<p>Paty Aradillas record\u00f3 que, desde antes de la publicaci\u00f3n del decreto en el Peri\u00f3dico Oficial del Estado, la administraci\u00f3n municipal dio un aumento al salario mensual de los elementos pertenecientes a la Guardia Civil Municipal.<\/p>\n<p>&nbsp;<\/p>\n<p>La presidenta concejal reiter\u00f3 que incluso, se paga arriba de los 14 mil pesos netos establecidos como salario m\u00ednimo mensual en la ley, como parte de las acciones del Gobierno Municipal para reconocer el trabajo, el esfuerzo y los riesgos que enfrenta el personal policial de manera diaria.<\/p>\n<p>&nbsp;<\/p>\n<p>Por \u00faltimo, Paty Aradillas indic\u00f3 que se mantiene la preparaci\u00f3n y contrataci\u00f3n de m\u00e1s elementos de seguridad, con el objetivo de aumentar la capacidad de respuesta de la Guardia Civil Municipal y continuar con la salvaguarda de la ciudadan\u00eda de Villa de Pozos.<\/p>\n<p><img fetchpriority=\"high\" decoding=\"async\" class=\"alignnone size-medium wp-image-42687\" src=\"https:\/\/www.latitudsanluis.com\/wp-content\/uploads\/2026\/09\/IMG-20260901-WA0048-300x200.jpg\" alt=\"\" width=\"300\" height=\"200\" srcset=\"https:\/\/www.latitudsanluis.com\/wp-content\/uploads\/2026\/09\/IMG-20260901-WA0048-300x200.jpg 300w, https:\/\/www.latitudsanluis.com\/wp-content\/uploads\/2026\/09\/IMG-20260901-WA0048-1024x682.jpg 1024w, https:\/\/www.latitudsanluis.com\/wp-content\/uploads\/2026\/09\/IMG-20260901-WA0048-768x512.jpg 768w, https:\/\/www.latitudsanluis.com\/wp-content\/uploads\/2026\/09\/IMG-20260901-WA0048-1536x1024.jpg 1536w, https:\/\/www.latitudsanluis.com\/wp-content\/uploads\/2026\/09\/IMG-20260901-WA0048-2048x1365.jpg 2048w\" sizes=\"(max-width: 300px) 100vw, 300px\" \/> <img decoding=\"async\" class=\"alignnone size-medium wp-image-42688\" src=\"https:\/\/www.latitudsanluis.com\/wp-content\/uploads\/2026\/09\/IMG-20260901-WA0040-300x200.jpg\" alt=\"\" width=\"300\" height=\"200\" srcset=\"https:\/\/www.latitudsanluis.com\/wp-content\/uploads\/2026\/09\/IMG-20260901-WA0040-300x200.jpg 300w, https:\/\/www.latitudsanluis.com\/wp-content\/uploads\/2026\/09\/IMG-20260901-WA0040-1024x682.jpg 1024w, https:\/\/www.latitudsanluis.com\/wp-content\/uploads\/2026\/09\/IMG-20260901-WA0040-768x512.jpg 768w, https:\/\/www.latitudsanluis.com\/wp-content\/uploads\/2026\/09\/IMG-20260901-WA0040-1536x1024.jpg 1536w, https:\/\/www.latitudsanluis.com\/wp-content\/uploads\/2026\/09\/IMG-20260901-WA0040-2048x1365.jpg 2048w\" sizes=\"(max-width: 300px) 100vw, 300px\" \/> <img decoding=\"async\" class=\"alignnone size-medium wp-image-42689\" src=\"https:\/\/www.latitudsanluis.com\/wp-content\/uploads\/2026\/09\/IMG-20260901-WA0041-300x200.jpg\" alt=\"\" width=\"300\" height=\"200\" srcset=\"https:\/\/www.latitudsanluis.com\/wp-content\/uploads\/2026\/09\/IMG-20260901-WA0041-300x200.jpg 300w, https:\/\/www.latitudsanluis.com\/wp-content\/uploads\/2026\/09\/IMG-20260901-WA0041-1024x682.jpg 1024w, https:\/\/www.latitudsanluis.com\/wp-content\/uploads\/2026\/09\/IMG-20260901-WA0041-768x512.jpg 768w, https:\/\/www.latitudsanluis.com\/wp-content\/uploads\/2026\/09\/IMG-20260901-WA0041-1536x1024.jpg 1536w, https:\/\/www.latitudsanluis.com\/wp-content\/uploads\/2026\/09\/IMG-20260901-WA0041-2048x1365.jpg 2048w\" sizes=\"(max-width: 300px) 100vw, 300px\" \/> <img loading=\"lazy\" decoding=\"async\" class=\"alignnone size-medium wp-image-42690\" src=\"https:\/\/www.latitudsanluis.com\/wp-content\/uploads\/2026\/09\/IMG-20260901-WA0036-300x200.jpg\" alt=\"\" width=\"300\" height=\"200\" srcset=\"https:\/\/www.latitudsanluis.com\/wp-content\/uploads\/2026\/09\/IMG-20260901-WA0036-300x200.jpg 300w, https:\/\/www.latitudsanluis.com\/wp-content\/uploads\/2026\/09\/IMG-20260901-WA0036-1024x682.jpg 1024w, https:\/\/www.latitudsanluis.com\/wp-content\/uploads\/2026\/09\/IMG-20260901-WA0036-768x512.jpg 768w, https:\/\/www.latitudsanluis.com\/wp-content\/uploads\/2026\/09\/IMG-20260901-WA0036-1536x1023.jpg 1536w, https:\/\/www.latitudsanluis.com\/wp-content\/uploads\/2026\/09\/IMG-20260901-WA0036.jpg 1600w\" sizes=\"(max-width: 300px) 100vw, 300px\" \/><\/p>\n","protected":false},"excerpt":{"rendered":"<p>GARANTIZA POZOS SALARIO DIGNO A SUS POLIC\u00cdAS &nbsp; &#8211; La administraci\u00f3n municipal cumple con lo requerido para los elementos de seguridad y mantiene la contrataci\u00f3n y preparaci\u00f3n de nuevos polic\u00edas para fortalecer a la Guardia Civil Municipal. &nbsp; Ante la fecha l\u00edmite establecida para que los municipios homologuen los salarios de sus polic\u00edas, este 31 [&hellip;]<\/p>\n","protected":false},"author":8,"featured_media":42688,"comment_status":"closed","ping_status":"open","sticky":false,"template":"","format":"standard","meta":{"footnotes":""},"categories":[1361],"tags":[1390,669],"class_list":["post-42686","post","type-post","status-publish","format-standard","has-post-thumbnail","hentry","category-villa-de-pozos","tag-martha-patricia-aradillas","tag-municipio-de-villa-de-pozos"],"_links":{"self":[{"href":"https:\/\/www.latitudsanluis.com\/home\/wp-json\/wp\/v2\/posts\/42686","targetHints":{"allow":["GET"]}}],"collection":[{"href":"https:\/\/www.latitudsanluis.com\/home\/wp-json\/wp\/v2\/posts"}],"about":[{"href":"https:\/\/www.latitudsanluis.com\/home\/wp-json\/wp\/v2\/types\/post"}],"author":[{"embeddable":true,"href":"https:\/\/www.latitudsanluis.com\/home\/wp-json\/wp\/v2\/users\/8"}],"replies":[{"embeddable":true,"href":"https:\/\/www.latitudsanluis.com\/home\/wp-json\/wp\/v2\/comments?post=42686"}],"version-history":[{"count":2,"href":"https:\/\/www.latitudsanluis.com\/home\/wp-json\/wp\/v2\/posts\/42686\/revisions"}],"predecessor-version":[{"id":42692,"href":"https:\/\/www.latitudsanluis.com\/home\/wp-json\/wp\/v2\/posts\/42686\/revisions\/42692"}],"wp:featuredmedia":[{"embeddable":true,"href":"https:\/\/www.latitudsanluis.com\/home\/wp-json\/wp\/v2\/media\/42688"}],"wp:attachment":[{"href":"https:\/\/www.latitudsanluis.com\/home\/wp-json\/wp\/v2\/media?parent=42686"}],"wp:term":[{"taxonomy":"category","embeddable":true,"href":"https:\/\/www.latitudsanluis.com\/home\/wp-json\/wp\/v2\/categories?post=42686"},{"taxonomy":"post_tag","embeddable":true,"href":"https:\/\/www.latitudsanluis.com\/home\/wp-json\/wp\/v2\/tags?post=42686"}],"curies":[{"name":"wp","href":"https:\/\/api.w.org\/{rel}","templated":true}]}}