{"id":42693,"date":"2026-09-01T15:46:09","date_gmt":"2026-09-01T21:46:09","guid":{"rendered":"https:\/\/www.latitudsanluis.com\/home\/?p=42693"},"modified":"2026-09-01T15:46:09","modified_gmt":"2026-09-01T21:46:09","slug":"el-gobernador-del-estado-ricardo-gallardo-cardona-reconoce-los-resultados-de-claudia-sheinbaum-en-su-segundo-ano-de-gobierno","status":"publish","type":"post","link":"https:\/\/www.latitudsanluis.com\/home\/gobierno\/el-gobernador-del-estado-ricardo-gallardo-cardona-reconoce-los-resultados-de-claudia-sheinbaum-en-su-segundo-ano-de-gobierno\/","title":{"rendered":"EL GOBERNADOR DEL ESTADO, RICARDO GALLARDO CARDONA, RECONOCE LOS RESULTADOS DE CLAUDIA SHEINBAUM EN SU SEGUNDO A\u00d1O DE GOBIERNO"},"content":{"rendered":"<p>EL GOBERNADOR DEL ESTADO, RICARDO GALLARDO CARDONA, RECONOCE LOS RESULTADOS DE CLAUDIA SHEINBAUM EN SU SEGUNDO A\u00d1O DE GOBIERNO<\/p>\n<p>&nbsp;<\/p>\n<p>* El Mandatario Estatal destac\u00f3 la coordinaci\u00f3n con el Gobierno de M\u00e9xico en infraestructura, bienestar, salud, educaci\u00f3n, desarrollo econ\u00f3mico y seguridad para generar mejores condiciones de vida en las cuatro regiones.<\/p>\n<p>&nbsp;<\/p>\n<p>El Gobernador de San Luis Potos\u00ed, Ricardo Gallardo Cardona, asisti\u00f3 al Segundo Informe de Gobierno de la Presidenta de M\u00e9xico, Claudia Sheinbaum Pardo, realizado en Palacio Nacional, donde reconoci\u00f3 los resultados alcanzados durante su segundo a\u00f1o de administraci\u00f3n y destac\u00f3 la relaci\u00f3n institucional y de coordinaci\u00f3n que mantiene el Estado con la Federaci\u00f3n para concretar proyectos estrat\u00e9gicos en beneficio de las familias potosinas.<\/p>\n<p>&nbsp;<\/p>\n<p>Ricardo Gallardo destac\u00f3 que esta coordinaci\u00f3n ha permitido avanzar en uno de los principales objetivos compartidos: reducir las desigualdades y ampliar el bienestar social. Se\u00f1al\u00f3 que 340 mil potosinas y potosinos han salido de la pobreza extrema, resultado que refleja el alcance de las pol\u00edticas sociales y el trabajo conjunto para generar mejores oportunidades en las cuatro regiones del Estado.<\/p>\n<p>&nbsp;<\/p>\n<p>En infraestructura, el Mandatario Estatal resalt\u00f3 que San Luis Potos\u00ed ha destinado m\u00e1s de 27 mil 600 millones de pesos para modernizar carreteras, vialidades y espacios p\u00fablicos, esfuerzo que se complementa con proyectos del Gobierno de M\u00e9xico como la ampliaci\u00f3n del aeropuerto de Tamu\u00edn, las carreteras Ciudad Valles\u2013Tampico y Tamazunchale\u2013Huejutla de Reyes, los proyectos ferroviarios de pasajeros y distintas obras h\u00eddricas que ampliar\u00e1n la conectividad y las posibilidades de desarrollo de la entidad.<\/p>\n<p>&nbsp;<\/p>\n<p>El Gobernador afirm\u00f3 que San Luis Potos\u00ed seguir\u00e1 trabajando de la mano con la Presidenta Claudia Sheinbaum en proyectos de alto impacto como la Universidad Nacional Rosario Castellanos y las acciones de salud vinculadas al IMSS-Bienestar. A\u00f1adi\u00f3 que, dentro de esta coordinaci\u00f3n, se contempla la instalaci\u00f3n de 400 consultorios m\u00e9dicos gratuitos en municipios de las cuatro regiones, principalmente en comunidades donde se requiere acercar servicios de primer contacto, prevenci\u00f3n y atenci\u00f3n oportuna.<\/p>\n<p>&nbsp;<\/p>\n<p>En materia de seguridad, Ricardo Gallardo destac\u00f3 que el trabajo responsable de su administraci\u00f3n y la coordinaci\u00f3n permanente con el Gobierno de M\u00e9xico han colocado a San Luis Potos\u00ed entre las entidades con mejores resultados del pa\u00eds, ya que de acuerdo con cifras del Secretariado Ejecutivo del Sistema Nacional de Seguridad P\u00fablica, de enero a julio de 2026 el Estado registr\u00f3 la baja en homicidios dolosos, apenas el 0.3 por ciento del total nacional, ubic\u00e1ndose en el tercer lugar entre las entidades con menor participaci\u00f3n en este delito y una reducci\u00f3n del 80.5 por ciento en homicidios dolosos respecto al mismo periodo de 2025, la disminuci\u00f3n m\u00e1s alta a nivel nacional.<\/p>\n<p>&nbsp;<\/p>\n<p>Finalmente, Ricardo Gallardo Cardona destac\u00f3 que la coordinaci\u00f3n permanente con la Guardia Nacional, la Secretar\u00eda de la Defensa Nacional y las instituciones estatales permitir\u00e1 mantener la estrategia contra los delitos de alto impacto. Se\u00f1al\u00f3 que esta suma de esfuerzos, acompa\u00f1ada de inversi\u00f3n, generaci\u00f3n de empleo, infraestructura y pol\u00edticas sociales, permitir\u00e1 que San Luis Potos\u00ed mantenga su crecimiento y consolide proyectos que mejoren directamente la calidad de vida de las familias potosinas.<\/p>\n<p><img fetchpriority=\"high\" decoding=\"async\" class=\"alignnone size-medium wp-image-42694\" src=\"https:\/\/www.latitudsanluis.com\/wp-content\/uploads\/2026\/09\/IMG-20260901-WA0049-300x248.jpg\" alt=\"\" width=\"300\" height=\"248\" srcset=\"https:\/\/www.latitudsanluis.com\/wp-content\/uploads\/2026\/09\/IMG-20260901-WA0049-300x248.jpg 300w, https:\/\/www.latitudsanluis.com\/wp-content\/uploads\/2026\/09\/IMG-20260901-WA0049-1024x845.jpg 1024w, https:\/\/www.latitudsanluis.com\/wp-content\/uploads\/2026\/09\/IMG-20260901-WA0049-768x634.jpg 768w, https:\/\/www.latitudsanluis.com\/wp-content\/uploads\/2026\/09\/IMG-20260901-WA0049.jpg 1163w\" sizes=\"(max-width: 300px) 100vw, 300px\" \/> <img decoding=\"async\" class=\"alignnone size-medium wp-image-42695\" src=\"https:\/\/www.latitudsanluis.com\/wp-content\/uploads\/2026\/09\/IMG-20260901-WA0050-300x200.jpg\" alt=\"\" width=\"300\" height=\"200\" srcset=\"https:\/\/www.latitudsanluis.com\/wp-content\/uploads\/2026\/09\/IMG-20260901-WA0050-300x200.jpg 300w, https:\/\/www.latitudsanluis.com\/wp-content\/uploads\/2026\/09\/IMG-20260901-WA0050-1024x682.jpg 1024w, https:\/\/www.latitudsanluis.com\/wp-content\/uploads\/2026\/09\/IMG-20260901-WA0050-768x512.jpg 768w, https:\/\/www.latitudsanluis.com\/wp-content\/uploads\/2026\/09\/IMG-20260901-WA0050.jpg 1280w\" sizes=\"(max-width: 300px) 100vw, 300px\" \/><\/p>\n","protected":false},"excerpt":{"rendered":"<p>EL GOBERNADOR DEL ESTADO, RICARDO GALLARDO CARDONA, RECONOCE LOS RESULTADOS DE CLAUDIA SHEINBAUM EN SU SEGUNDO A\u00d1O DE GOBIERNO &nbsp; * El Mandatario Estatal destac\u00f3 la coordinaci\u00f3n con el Gobierno de M\u00e9xico en infraestructura, bienestar, salud, educaci\u00f3n, desarrollo econ\u00f3mico y seguridad para generar mejores condiciones de vida en las cuatro regiones. &nbsp; El Gobernador de [&hellip;]<\/p>\n","protected":false},"author":8,"featured_media":42695,"comment_status":"closed","ping_status":"open","sticky":false,"template":"","format":"standard","meta":{"footnotes":""},"categories":[9],"tags":[194,342,1389],"class_list":["post-42693","post","type-post","status-publish","format-standard","has-post-thumbnail","hentry","category-gobierno","tag-claudia-sheinbaum","tag-gobierno-del-estado","tag-ricardo-gallardo-cardona"],"_links":{"self":[{"href":"https:\/\/www.latitudsanluis.com\/home\/wp-json\/wp\/v2\/posts\/42693","targetHints":{"allow":["GET"]}}],"collection":[{"href":"https:\/\/www.latitudsanluis.com\/home\/wp-json\/wp\/v2\/posts"}],"about":[{"href":"https:\/\/www.latitudsanluis.com\/home\/wp-json\/wp\/v2\/types\/post"}],"author":[{"embeddable":true,"href":"https:\/\/www.latitudsanluis.com\/home\/wp-json\/wp\/v2\/users\/8"}],"replies":[{"embeddable":true,"href":"https:\/\/www.latitudsanluis.com\/home\/wp-json\/wp\/v2\/comments?post=42693"}],"version-history":[{"count":2,"href":"https:\/\/www.latitudsanluis.com\/home\/wp-json\/wp\/v2\/posts\/42693\/revisions"}],"predecessor-version":[{"id":42697,"href":"https:\/\/www.latitudsanluis.com\/home\/wp-json\/wp\/v2\/posts\/42693\/revisions\/42697"}],"wp:featuredmedia":[{"embeddable":true,"href":"https:\/\/www.latitudsanluis.com\/home\/wp-json\/wp\/v2\/media\/42695"}],"wp:attachment":[{"href":"https:\/\/www.latitudsanluis.com\/home\/wp-json\/wp\/v2\/media?parent=42693"}],"wp:term":[{"taxonomy":"category","embeddable":true,"href":"https:\/\/www.latitudsanluis.com\/home\/wp-json\/wp\/v2\/categories?post=42693"},{"taxonomy":"post_tag","embeddable":true,"href":"https:\/\/www.latitudsanluis.com\/home\/wp-json\/wp\/v2\/tags?post=42693"}],"curies":[{"name":"wp","href":"https:\/\/api.w.org\/{rel}","templated":true}]}}