{"id":42752,"date":"2026-09-04T18:08:21","date_gmt":"2026-09-05T00:08:21","guid":{"rendered":"https:\/\/www.latitudsanluis.com\/home\/?p=42752"},"modified":"2026-09-05T18:08:33","modified_gmt":"2026-09-06T00:08:33","slug":"alcalde-navarro-muniz-invita-a-celebrar-la-noche-mexicana-con-la-agrupacion-la-mafia","status":"publish","type":"post","link":"https:\/\/www.latitudsanluis.com\/home\/soledad\/alcalde-navarro-muniz-invita-a-celebrar-la-noche-mexicana-con-la-agrupacion-la-mafia\/","title":{"rendered":"ALCALDE NAVARRO MU\u00d1IZ INVITA A CELEBRAR LA NOCHE MEXICANA CON LA AGRUPACI\u00d3N LA MAFIA"},"content":{"rendered":"<p>ALCALDE NAVARRO MU\u00d1IZ INVITA A CELEBRAR LA NOCHE MEXICANA CON LA AGRUPACI\u00d3N LA MAFIA<\/p>\n<p>&#8211; La Plaza principal se llenar\u00e1 de tricolor para conmemorar el 216 aniversario de la Independencia de M\u00e9xico, con verbena popular, grupo La Mafia en vivo y mucho orgullo nacional.<\/p>\n<p>&nbsp;<\/p>\n<p>El Alcalde, Juan Manuel Navarro Mu\u00f1iz, extendi\u00f3 una atenta invitaci\u00f3n a todas las familias de Soledad de Graciano S\u00e1nchez a celebrar el Grito de Independencia, una fecha nacional hist\u00f3rica que nos permite reconocer la riqueza de nuestro pa\u00eds y fortalecer la identidad y el orgullo como mexicanos y mexicanas; este martes 15 de septiembre, habr\u00e1 un programa de actividades en la Plaza principal, engalanado con la presentaci\u00f3n musical del grupo La Mafia, adem\u00e1s de una verbena y un ambiente c\u00e1lido y patrio.<\/p>\n<p>&nbsp;<\/p>\n<p>El edil dijo que en esta conmemoraci\u00f3n del 216 aniversario de la Independencia de M\u00e9xico, el cambio social se vive y se percibe, por lo que el Gobierno Municipal afina los \u00faltimos detalles para llevar a cabo la ceremonia del Grito Independentista, simulando el acto heroico de aquellos personajes que dieron libertad a la naci\u00f3n: \u201ccon orgullo y mucho compromiso por su significado, estamos preparando este evento que re\u00fane a familias para celebrar el orgullo nacional\u201d.<\/p>\n<p>&nbsp;<\/p>\n<p>Detall\u00f3 que a partir de las 19 horas, las familias podr\u00e1n disfrutar de una verbena gratuita, con la entrega de antojitos mexicanos, dulces y sabores tradicionales de Soledad de Graciano S\u00e1nchez, con el prop\u00f3sito de enaltecer nuestras ra\u00edces y convivir entre familias de todas las colonias y comunidades del municipio.<\/p>\n<p>&nbsp;<\/p>\n<p>La parte musical de la noche patriota estar\u00e1 a cargo de la agrupaci\u00f3n La Mafia, del g\u00e9nero tex-mex y rom\u00e1ntico, quienes cautivar\u00e1n a las y los presentes con una velada inolvidable con \u00e9xitos como \u201cMe Estoy Enamorando\u201d , \u201cNo Lo Har\u00e9\u201d y \u201cUn Mill\u00f3n de Rosas\u201d, para culminar los festejos patrios este 15 de septiembre.<\/p>\n<p>&nbsp;<\/p>\n<p>Navarro Mu\u00f1iz invit\u00f3 a toda la ciudadan\u00eda de Soledad y alrededores, a vivir en grande la fiesta mexicana m\u00e1s grande del a\u00f1o y hacer del municipio la sede para pasarla en familia, con amigos y en un grito de unidad, orgullo y tradici\u00f3n nacional.<\/p>\n<p><img fetchpriority=\"high\" decoding=\"async\" class=\"alignnone size-medium wp-image-42753\" src=\"https:\/\/www.latitudsanluis.com\/wp-content\/uploads\/2026\/09\/IMG-20260904-WA0014-240x300.jpg\" alt=\"\" width=\"240\" height=\"300\" srcset=\"https:\/\/www.latitudsanluis.com\/wp-content\/uploads\/2026\/09\/IMG-20260904-WA0014-240x300.jpg 240w, https:\/\/www.latitudsanluis.com\/wp-content\/uploads\/2026\/09\/IMG-20260904-WA0014-819x1024.jpg 819w, https:\/\/www.latitudsanluis.com\/wp-content\/uploads\/2026\/09\/IMG-20260904-WA0014-768x960.jpg 768w, https:\/\/www.latitudsanluis.com\/wp-content\/uploads\/2026\/09\/IMG-20260904-WA0014.jpg 1080w\" sizes=\"(max-width: 240px) 100vw, 240px\" \/><\/p>\n","protected":false},"excerpt":{"rendered":"<p>ALCALDE NAVARRO MU\u00d1IZ INVITA A CELEBRAR LA NOCHE MEXICANA CON LA AGRUPACI\u00d3N LA MAFIA &#8211; La Plaza principal se llenar\u00e1 de tricolor para conmemorar el 216 aniversario de la Independencia de M\u00e9xico, con verbena popular, grupo La Mafia en vivo y mucho orgullo nacional. &nbsp; El Alcalde, Juan Manuel Navarro Mu\u00f1iz, extendi\u00f3 una atenta invitaci\u00f3n [&hellip;]<\/p>\n","protected":false},"author":8,"featured_media":42753,"comment_status":"closed","ping_status":"open","sticky":false,"template":"","format":"standard","meta":{"footnotes":""},"categories":[28],"tags":[384,591],"class_list":["post-42752","post","type-post","status-publish","format-standard","has-post-thumbnail","hentry","category-soledad","tag-juan-manuel-navarro","tag-municipio-de-soledad-de-graciano-sanchez"],"_links":{"self":[{"href":"https:\/\/www.latitudsanluis.com\/home\/wp-json\/wp\/v2\/posts\/42752","targetHints":{"allow":["GET"]}}],"collection":[{"href":"https:\/\/www.latitudsanluis.com\/home\/wp-json\/wp\/v2\/posts"}],"about":[{"href":"https:\/\/www.latitudsanluis.com\/home\/wp-json\/wp\/v2\/types\/post"}],"author":[{"embeddable":true,"href":"https:\/\/www.latitudsanluis.com\/home\/wp-json\/wp\/v2\/users\/8"}],"replies":[{"embeddable":true,"href":"https:\/\/www.latitudsanluis.com\/home\/wp-json\/wp\/v2\/comments?post=42752"}],"version-history":[{"count":2,"href":"https:\/\/www.latitudsanluis.com\/home\/wp-json\/wp\/v2\/posts\/42752\/revisions"}],"predecessor-version":[{"id":42755,"href":"https:\/\/www.latitudsanluis.com\/home\/wp-json\/wp\/v2\/posts\/42752\/revisions\/42755"}],"wp:featuredmedia":[{"embeddable":true,"href":"https:\/\/www.latitudsanluis.com\/home\/wp-json\/wp\/v2\/media\/42753"}],"wp:attachment":[{"href":"https:\/\/www.latitudsanluis.com\/home\/wp-json\/wp\/v2\/media?parent=42752"}],"wp:term":[{"taxonomy":"category","embeddable":true,"href":"https:\/\/www.latitudsanluis.com\/home\/wp-json\/wp\/v2\/categories?post=42752"},{"taxonomy":"post_tag","embeddable":true,"href":"https:\/\/www.latitudsanluis.com\/home\/wp-json\/wp\/v2\/tags?post=42752"}],"curies":[{"name":"wp","href":"https:\/\/api.w.org\/{rel}","templated":true}]}}