{"id":42756,"date":"2026-09-04T18:12:17","date_gmt":"2026-09-05T00:12:17","guid":{"rendered":"https:\/\/www.latitudsanluis.com\/home\/?p=42756"},"modified":"2026-09-05T18:12:29","modified_gmt":"2026-09-06T00:12:29","slug":"presidenta-claudia-sheinbaum-reconoce-coordinacion-con-ricardo-gallardo-en-favor-de-san-luis-potosi-pvem","status":"publish","type":"post","link":"https:\/\/www.latitudsanluis.com\/home\/politica\/presidenta-claudia-sheinbaum-reconoce-coordinacion-con-ricardo-gallardo-en-favor-de-san-luis-potosi-pvem\/","title":{"rendered":"*PRESIDENTA CLAUDIA SHEINBAUM RECONOCE COORDINACI\u00d3N CON RICARDO GALLARDO EN FAVOR DE SAN LUIS POTOS\u00cd: PVEM*"},"content":{"rendered":"<p>*PRESIDENTA CLAUDIA SHEINBAUM RECONOCE COORDINACI\u00d3N CON RICARDO GALLARDO EN FAVOR DE SAN LUIS POTOS\u00cd: PVEM*<\/p>\n<p>&nbsp;<\/p>\n<p>&#8211; Ante m\u00e1s de 21 mil personas, la Presidenta destac\u00f3 el trabajo conjunto con el Gobierno del Estado en infraestructura, salud, seguridad y bienestar.<\/p>\n<p>&nbsp;<\/p>\n<p>Ante m\u00e1s de 21 mil personas reunidas en la Arena Potos\u00ed, la presidenta Claudia Sheinbaum Pardo present\u00f3 los avances de su Segundo Informe de Gobierno y reconoci\u00f3 p\u00fablicamente la coordinaci\u00f3n que mantiene con el gobernador Ricardo Gallardo Cardona para impulsar obras, programas y acciones en beneficio de las familias potosinas.<\/p>\n<p>&nbsp;<\/p>\n<p>\u201cGracias por la coordinaci\u00f3n que tenemos, gobernador Ricardo Gallardo\u201d, expres\u00f3 la Presidenta durante el encuentro, al destacar los resultados alcanzados y los proyectos que avanzan en la entidad mediante el trabajo conjunto entre la Federaci\u00f3n y el Gobierno del Estado.<\/p>\n<p>&nbsp;<\/p>\n<p>El secretario general del PVEM en San Luis Potos\u00ed, Ignacio Segura Morquecho, afirm\u00f3 que este reconocimiento confirma que el di\u00e1logo institucional, la capacidad de gesti\u00f3n y el trabajo en equipo est\u00e1n generando beneficios concretos para las cuatro regiones del estado.<\/p>\n<p>&nbsp;<\/p>\n<p>Entre los proyectos anunciados, Claudia Sheinbaum inform\u00f3 que ya se encuentra en proceso de licitaci\u00f3n el tren de pasajeros San Luis Potos\u00ed\u2013Nuevo Laredo, una obra estrat\u00e9gica que fortalecer\u00e1 la conectividad, el desarrollo econ\u00f3mico y la competitividad de la entidad.<\/p>\n<p>&nbsp;<\/p>\n<p>La Presidenta tambi\u00e9n destac\u00f3 las acciones en materia de salud, entre ellas el Hospital General de Rioverde y la construcci\u00f3n de un nuevo hospital en Ciudad Valles, este \u00faltimo mediante la participaci\u00f3n conjunta de los gobiernos federal y estatal, para ampliar la atenci\u00f3n m\u00e9dica en las regiones Media y Huasteca.<\/p>\n<p>&nbsp;<\/p>\n<p>En materia de seguridad, Sheinbaum Pardo reconoci\u00f3 directamente la colaboraci\u00f3n del Gobierno del Estado: \u201cEn conjunto hemos trabajado para la seguridad de San Luis Potos\u00ed. No ser\u00eda posible sin una buena coordinaci\u00f3n con el Gobierno estatal; no ser\u00eda posible sin un gran equipo\u201d.<\/p>\n<p>&nbsp;<\/p>\n<p>Asimismo, inform\u00f3 que durante este a\u00f1o se destinar\u00e1 a nivel nacional un bill\u00f3n de pesos a los Programas para el Bienestar, pol\u00edtica social que tambi\u00e9n beneficia directamente a miles de familias, personas adultas mayores, j\u00f3venes, estudiantes y personas con discapacidad en San Luis Potos\u00ed.<\/p>\n<p>&nbsp;<\/p>\n<p>\u201cLas palabras de la Presidenta, expresadas ante m\u00e1s de 21 mil potosinas y potosinos, confirman que San Luis Potos\u00ed cuenta con un gobierno que sabe coordinarse, gestionar y trabajar en equipo. Los resultados est\u00e1n a la vista: m\u00e1s infraestructura, nuevos hospitales, mayor conectividad, programas sociales y acciones conjuntas para fortalecer la seguridad\u201d, expres\u00f3 Ignacio Segura.<\/p>\n<p>&nbsp;<\/p>\n<p>El dirigente estatal reiter\u00f3 que el Partido Verde seguir\u00e1 respaldando todos los proyectos que representen bienestar, desarrollo y mejores oportunidades para las familias potosinas.<\/p>\n<p>&nbsp;<\/p>\n<p>\u201cCuando existe coordinaci\u00f3n y un gran equipo, los resultados llegan a la gente. As\u00ed se gobierna con responsabilidad y as\u00ed se construye el futuro de San Luis Potos\u00ed\u201d, concluy\u00f3.<\/p>\n<p><img fetchpriority=\"high\" decoding=\"async\" class=\"alignnone size-medium wp-image-42757\" src=\"https:\/\/www.latitudsanluis.com\/wp-content\/uploads\/2026\/09\/IMG-20260904-WA00311-300x225.jpg\" alt=\"\" width=\"300\" height=\"225\" srcset=\"https:\/\/www.latitudsanluis.com\/wp-content\/uploads\/2026\/09\/IMG-20260904-WA00311-300x225.jpg 300w, https:\/\/www.latitudsanluis.com\/wp-content\/uploads\/2026\/09\/IMG-20260904-WA00311-1024x768.jpg 1024w, https:\/\/www.latitudsanluis.com\/wp-content\/uploads\/2026\/09\/IMG-20260904-WA00311-768x576.jpg 768w, https:\/\/www.latitudsanluis.com\/wp-content\/uploads\/2026\/09\/IMG-20260904-WA00311.jpg 1280w\" sizes=\"(max-width: 300px) 100vw, 300px\" \/> <img decoding=\"async\" class=\"alignnone size-medium wp-image-42758\" src=\"https:\/\/www.latitudsanluis.com\/wp-content\/uploads\/2026\/09\/IMG-20260904-WA0025-300x225.jpg\" alt=\"\" width=\"300\" height=\"225\" srcset=\"https:\/\/www.latitudsanluis.com\/wp-content\/uploads\/2026\/09\/IMG-20260904-WA0025-300x225.jpg 300w, https:\/\/www.latitudsanluis.com\/wp-content\/uploads\/2026\/09\/IMG-20260904-WA0025-1024x768.jpg 1024w, https:\/\/www.latitudsanluis.com\/wp-content\/uploads\/2026\/09\/IMG-20260904-WA0025-768x576.jpg 768w, https:\/\/www.latitudsanluis.com\/wp-content\/uploads\/2026\/09\/IMG-20260904-WA0025.jpg 1280w\" sizes=\"(max-width: 300px) 100vw, 300px\" \/> <img decoding=\"async\" class=\"alignnone size-medium wp-image-42759\" src=\"https:\/\/www.latitudsanluis.com\/wp-content\/uploads\/2026\/09\/IMG-20260904-WA00151-300x200.jpg\" alt=\"\" width=\"300\" height=\"200\" srcset=\"https:\/\/www.latitudsanluis.com\/wp-content\/uploads\/2026\/09\/IMG-20260904-WA00151-300x200.jpg 300w, https:\/\/www.latitudsanluis.com\/wp-content\/uploads\/2026\/09\/IMG-20260904-WA00151-1024x682.jpg 1024w, https:\/\/www.latitudsanluis.com\/wp-content\/uploads\/2026\/09\/IMG-20260904-WA00151-768x511.jpg 768w, https:\/\/www.latitudsanluis.com\/wp-content\/uploads\/2026\/09\/IMG-20260904-WA00151.jpg 1280w\" sizes=\"(max-width: 300px) 100vw, 300px\" \/><\/p>\n","protected":false},"excerpt":{"rendered":"<p>*PRESIDENTA CLAUDIA SHEINBAUM RECONOCE COORDINACI\u00d3N CON RICARDO GALLARDO EN FAVOR DE SAN LUIS POTOS\u00cd: PVEM* &nbsp; &#8211; Ante m\u00e1s de 21 mil personas, la Presidenta destac\u00f3 el trabajo conjunto con el Gobierno del Estado en infraestructura, salud, seguridad y bienestar. &nbsp; Ante m\u00e1s de 21 mil personas reunidas en la Arena Potos\u00ed, la presidenta Claudia [&hellip;]<\/p>\n","protected":false},"author":8,"featured_media":42757,"comment_status":"closed","ping_status":"open","sticky":false,"template":"","format":"standard","meta":{"footnotes":""},"categories":[1],"tags":[194,1449,1389],"class_list":["post-42756","post","type-post","status-publish","format-standard","has-post-thumbnail","hentry","category-politica","tag-claudia-sheinbaum","tag-pvem","tag-ricardo-gallardo-cardona"],"_links":{"self":[{"href":"https:\/\/www.latitudsanluis.com\/home\/wp-json\/wp\/v2\/posts\/42756","targetHints":{"allow":["GET"]}}],"collection":[{"href":"https:\/\/www.latitudsanluis.com\/home\/wp-json\/wp\/v2\/posts"}],"about":[{"href":"https:\/\/www.latitudsanluis.com\/home\/wp-json\/wp\/v2\/types\/post"}],"author":[{"embeddable":true,"href":"https:\/\/www.latitudsanluis.com\/home\/wp-json\/wp\/v2\/users\/8"}],"replies":[{"embeddable":true,"href":"https:\/\/www.latitudsanluis.com\/home\/wp-json\/wp\/v2\/comments?post=42756"}],"version-history":[{"count":1,"href":"https:\/\/www.latitudsanluis.com\/home\/wp-json\/wp\/v2\/posts\/42756\/revisions"}],"predecessor-version":[{"id":42760,"href":"https:\/\/www.latitudsanluis.com\/home\/wp-json\/wp\/v2\/posts\/42756\/revisions\/42760"}],"wp:featuredmedia":[{"embeddable":true,"href":"https:\/\/www.latitudsanluis.com\/home\/wp-json\/wp\/v2\/media\/42757"}],"wp:attachment":[{"href":"https:\/\/www.latitudsanluis.com\/home\/wp-json\/wp\/v2\/media?parent=42756"}],"wp:term":[{"taxonomy":"category","embeddable":true,"href":"https:\/\/www.latitudsanluis.com\/home\/wp-json\/wp\/v2\/categories?post=42756"},{"taxonomy":"post_tag","embeddable":true,"href":"https:\/\/www.latitudsanluis.com\/home\/wp-json\/wp\/v2\/tags?post=42756"}],"curies":[{"name":"wp","href":"https:\/\/api.w.org\/{rel}","templated":true}]}}