{"id":42777,"date":"2026-09-05T18:18:29","date_gmt":"2026-09-06T00:18:29","guid":{"rendered":"https:\/\/www.latitudsanluis.com\/home\/?p=42777"},"modified":"2026-09-05T18:18:29","modified_gmt":"2026-09-06T00:18:29","slug":"sistema-educativo-estatal-regular-fortalece-ordenamiento-de-recursos-humanos","status":"publish","type":"post","link":"https:\/\/www.latitudsanluis.com\/home\/gobierno\/sistema-educativo-estatal-regular-fortalece-ordenamiento-de-recursos-humanos\/","title":{"rendered":"SISTEMA EDUCATIVO ESTATAL REGULAR FORTALECE ORDENAMIENTO DE RECURSOS HUMANOS"},"content":{"rendered":"<p>SISTEMA EDUCATIVO ESTATAL REGULAR FORTALECE ORDENAMIENTO DE RECURSOS HUMANOS<\/p>\n<p>&nbsp;<\/p>\n<p>\u2022 La prioridad es que docentes, directivos y personal de apoyo y asistencia a la educaci\u00f3n cumplan sus funciones en los planteles.<\/p>\n<p>&nbsp;<\/p>\n<p>Ante la informaci\u00f3n difundida recientemente por la Secci\u00f3n 52 del SNTE, en la que se\u00f1ala una supuesta falta de docentes, el Sistema Educativo Estatal Regular precisa que el reto no es la falta de plazas, sino su adecuada distribuci\u00f3n y asignaci\u00f3n, por lo que realiza una revisi\u00f3n para garantizar que el personal est\u00e9 donde se necesita.<\/p>\n<p>&nbsp;<\/p>\n<p>Como parte de este proceso, se han identificado m\u00e1s de 62 plazas cuyos titulares actualmente no desempe\u00f1an funciones frente a grupo o en los espacios educativos donde su labor es requerida. Esta situaci\u00f3n ser\u00e1 revisada conforme a la normativa aplicable, pues resulta necesario conciliar la solicitud de m\u00e1s docentes con la existencia de plazas remuneradas que actualmente no cumplen funciones frente a grupo.<\/p>\n<p>&nbsp;<\/p>\n<p>El Gobierno del Estado mantiene el compromiso de fortalecer los recursos humanos y la infraestructura educativa para garantizar una educaci\u00f3n de calidad.<\/p>\n<p>&nbsp;<\/p>\n<p>El director general del SEER, Mart\u00edn Rodr\u00edguez Ram\u00edrez, subray\u00f3 que se est\u00e1n corrigiendo pr\u00e1cticas administrativas de la\u00a0\u00a0\u201cmaldita herencia\u201d, que durante a\u00f1os propiciaron una distribuci\u00f3n inadecuada del personal. Reiter\u00f3 que la prioridad es clara: las escuelas deben contar con el personal que les corresponde.<\/p>\n<p>&nbsp;<\/p>\n<p>Con estas acciones se optimizan los recursos p\u00fablicos y se fortalece la educaci\u00f3n de ni\u00f1as, ni\u00f1os y j\u00f3venes.<\/p>\n<p>&nbsp;<\/p>\n<p>El Gobierno del Estado que dirige Ricardo Gallardo Cardona refrenda su compromiso con una educaci\u00f3n p\u00fablica con orden, transparencia y mejores condiciones para las nuevas generaciones.<\/p>\n<p><img fetchpriority=\"high\" decoding=\"async\" class=\"alignnone size-medium wp-image-42778\" src=\"https:\/\/www.latitudsanluis.com\/wp-content\/uploads\/2026\/09\/IMG-20260905-WA0042-300x300.jpg\" alt=\"\" width=\"300\" height=\"300\" srcset=\"https:\/\/www.latitudsanluis.com\/wp-content\/uploads\/2026\/09\/IMG-20260905-WA0042-300x300.jpg 300w, https:\/\/www.latitudsanluis.com\/wp-content\/uploads\/2026\/09\/IMG-20260905-WA0042-150x150.jpg 150w, https:\/\/www.latitudsanluis.com\/wp-content\/uploads\/2026\/09\/IMG-20260905-WA0042.jpg 556w\" sizes=\"(max-width: 300px) 100vw, 300px\" \/><\/p>\n","protected":false},"excerpt":{"rendered":"<p>SISTEMA EDUCATIVO ESTATAL REGULAR FORTALECE ORDENAMIENTO DE RECURSOS HUMANOS &nbsp; \u2022 La prioridad es que docentes, directivos y personal de apoyo y asistencia a la educaci\u00f3n cumplan sus funciones en los planteles. &nbsp; Ante la informaci\u00f3n difundida recientemente por la Secci\u00f3n 52 del SNTE, en la que se\u00f1ala una supuesta falta de docentes, el Sistema [&hellip;]<\/p>\n","protected":false},"author":8,"featured_media":42778,"comment_status":"closed","ping_status":"open","sticky":false,"template":"","format":"standard","meta":{"footnotes":""},"categories":[9,1191],"tags":[342,1043,606],"class_list":["post-42777","post","type-post","status-publish","format-standard","has-post-thumbnail","hentry","category-gobierno","category-seer","tag-gobierno-del-estado","tag-martin-rodriguez-ramirez","tag-seer"],"_links":{"self":[{"href":"https:\/\/www.latitudsanluis.com\/home\/wp-json\/wp\/v2\/posts\/42777","targetHints":{"allow":["GET"]}}],"collection":[{"href":"https:\/\/www.latitudsanluis.com\/home\/wp-json\/wp\/v2\/posts"}],"about":[{"href":"https:\/\/www.latitudsanluis.com\/home\/wp-json\/wp\/v2\/types\/post"}],"author":[{"embeddable":true,"href":"https:\/\/www.latitudsanluis.com\/home\/wp-json\/wp\/v2\/users\/8"}],"replies":[{"embeddable":true,"href":"https:\/\/www.latitudsanluis.com\/home\/wp-json\/wp\/v2\/comments?post=42777"}],"version-history":[{"count":2,"href":"https:\/\/www.latitudsanluis.com\/home\/wp-json\/wp\/v2\/posts\/42777\/revisions"}],"predecessor-version":[{"id":42780,"href":"https:\/\/www.latitudsanluis.com\/home\/wp-json\/wp\/v2\/posts\/42777\/revisions\/42780"}],"wp:featuredmedia":[{"embeddable":true,"href":"https:\/\/www.latitudsanluis.com\/home\/wp-json\/wp\/v2\/media\/42778"}],"wp:attachment":[{"href":"https:\/\/www.latitudsanluis.com\/home\/wp-json\/wp\/v2\/media?parent=42777"}],"wp:term":[{"taxonomy":"category","embeddable":true,"href":"https:\/\/www.latitudsanluis.com\/home\/wp-json\/wp\/v2\/categories?post=42777"},{"taxonomy":"post_tag","embeddable":true,"href":"https:\/\/www.latitudsanluis.com\/home\/wp-json\/wp\/v2\/tags?post=42777"}],"curies":[{"name":"wp","href":"https:\/\/api.w.org\/{rel}","templated":true}]}}